{"id":32693,"date":"2014-06-12T19:14:18","date_gmt":"2014-06-13T01:14:18","guid":{"rendered":"http:\/\/elcronistadigital.com\/?p=32693"},"modified":"2014-06-12T19:14:18","modified_gmt":"2014-06-13T01:14:18","slug":"jefe-de-los-tarzanes-atrapado-en-costa-rica-con-600-kilos-de-cocaina","status":"publish","type":"post","link":"https:\/\/elcronistadigital.com\/?p=32693","title":{"rendered":"Jefe de \u201cLos Tarzanes\u201d atrapado en Costa Rica con 600 kilos de coca\u00edna"},"content":{"rendered":"<div id=\"attachment_32694\" style=\"width: 326px\" class=\"wp-caption alignleft\"><a href=\"https:\/\/elcronistadigital.com\/?attachment_id=32694\" rel=\"attachment wp-att-32694\"><img loading=\"lazy\" decoding=\"async\" aria-describedby=\"caption-attachment-32694\" class=\"size-full wp-image-32694\" alt=\"Uno de los fusiles incautados a &quot;Los Tarzanes&quot; en 2011.\" src=\"https:\/\/elcronistadigital.com\/wp-content\/uploads\/2014\/06\/AK-de-Tarzanes.jpg\" width=\"316\" height=\"353\" srcset=\"https:\/\/elcronistadigital.com\/wp-content\/uploads\/2014\/06\/AK-de-Tarzanes.jpg 316w, https:\/\/elcronistadigital.com\/wp-content\/uploads\/2014\/06\/AK-de-Tarzanes-268x300.jpg 268w, https:\/\/elcronistadigital.com\/wp-content\/uploads\/2014\/06\/AK-de-Tarzanes-300x335.jpg 300w\" sizes=\"auto, (max-width: 316px) 100vw, 316px\" \/><\/a><p id=\"caption-attachment-32694\" class=\"wp-caption-text\">Uno de los fusiles incautados a \u00abLos Tarzanes\u00bb en 2011.<\/p><\/div>\n<p>* Este sujeto est\u00e1 ligado al conflicto territorial de Harbor Head que los ticos llaman Isla Portillos, debido a que \u00e9l y otro familiar dijeron que el Ej\u00e9rcito de Nicaragua hab\u00eda incursionado en su finca, que estaba ubicada en Costa Rica, lo que es falso.<\/p>\n<p>Autoridades de Costa Rica realizaron el 11 de junio un quiebre de 600 kilos de coca\u00edna en las cercan\u00edas del territorio de Harbor Head, donde fue capturado el narcotraficante nicarag\u00fcense Agust\u00edn Reyes Arag\u00f3n, miembro prominente de la famosa banda de \u201cLos Tarzanes\u201d.<\/p>\n<p>A Reyes Arag\u00f3n le incautaron adem\u00e1s un fusil AK-47 y un M-16. A este delincuente se le relaciona con los disturbios fronterizos entre Nicaragua y Costa Rica surgidos en 2010 por el territorio de Harbor Head, mismo que nuestros vecinos del sur llaman isla Portillos.<\/p>\n<p>La banda de \u201cLos Tarzanes\u201d, cuyos miembros son originarios de R\u00edo San Juan, se movilizaba en territorio monta\u00f1oso entre Costa Rica y Nicaragua.<\/p>\n<p>Este grupo delincuencial narco operaba desde la finca \u201cLos Reyes\u201d, que Costa Rica reclama como suya y que cre\u00f3 la confusi\u00f3n territorial en Harbor Head, mismo que actualmente est\u00e1 en la corte de La Haya.<\/p>\n<p>El 18 de octubre de 2010, cuando Nicaragua inici\u00f3 las labores de limpieza del r\u00edo San Juan con la draga Soberan\u00eda, Costa Rica denunci\u00f3 una presunta incursi\u00f3n de fuerzas de nuestro Ej\u00e9rcito a su territorio, utilizando versiones dadas por miembros de la familia Reyes que eran buscados por la justicia nicarag\u00fcense acusados de narcotr\u00e1fico.<\/p>\n<p>En enero de 2011, el Ej\u00e9rcito de Nicaragua encontr\u00f3 en la finca de \u201cLos Tarzanes\u201d un fusil sin culata serie 745, a\u00f1o 1973; 176 cartuchos calibre 5.56 y 30 cartuchos 7.62 mil\u00edmetros, un radio Icom BHFICE\u2013M34, dos bases de radio tambi\u00e9n Icom, cinco cargadores de baquelita y met\u00e1licos, 10 litros de aceite para motor marino, un tel\u00e9fono satelital marca Iridium, modelo 9555, una antena y dos cargadores, dos antenas coaxiales, un corta corriente y dos cargadores vehiculares de tel\u00e9fono satelitales.<\/p>\n<p>Las autoridades nicarag\u00fcenses tambi\u00e9n vinculan a la banda de \u201cLos Tarzanes\u201d con los Re\u00f1azco, procesados en 2004 por el asesinato de los cuatro polic\u00edas en Bluefields.<\/p>\n","protected":false},"excerpt":{"rendered":"<p>* Este sujeto est\u00e1 ligado al conflicto territorial de Harbor Head que los ticos llaman Isla Portillos, debido a que \u00e9l y otro familiar dijeron que el Ej\u00e9rcito de Nicaragua hab\u00eda incursionado en su finca, que estaba ubicada en Costa Rica, lo que es falso. Autoridades de Costa Rica realizaron el 11 de junio un [&hellip;]<\/p>\n","protected":false},"author":1,"featured_media":32694,"comment_status":"open","ping_status":"open","sticky":false,"template":"","format":"standard","meta":{"om_disable_all_campaigns":false,"_monsterinsights_skip_tracking":false,"_monsterinsights_sitenote_active":false,"_monsterinsights_sitenote_note":"","_monsterinsights_sitenote_category":0,"footnotes":""},"categories":[3524,13],"tags":[3965,3967,3430,3966,3964],"class_list":["post-32693","post","type-post","status-publish","format-standard","has-post-thumbnail","hentry","category-noticas","category-portada","tag-agustin-reyes-aragon","tag-harbor-head","tag-isla-portillos","tag-los-renazco","tag-los-tarzanes"],"aioseo_notices":[],"_links":{"self":[{"href":"https:\/\/elcronistadigital.com\/index.php?rest_route=\/wp\/v2\/posts\/32693","targetHints":{"allow":["GET"]}}],"collection":[{"href":"https:\/\/elcronistadigital.com\/index.php?rest_route=\/wp\/v2\/posts"}],"about":[{"href":"https:\/\/elcronistadigital.com\/index.php?rest_route=\/wp\/v2\/types\/post"}],"author":[{"embeddable":true,"href":"https:\/\/elcronistadigital.com\/index.php?rest_route=\/wp\/v2\/users\/1"}],"replies":[{"embeddable":true,"href":"https:\/\/elcronistadigital.com\/index.php?rest_route=%2Fwp%2Fv2%2Fcomments&post=32693"}],"version-history":[{"count":1,"href":"https:\/\/elcronistadigital.com\/index.php?rest_route=\/wp\/v2\/posts\/32693\/revisions"}],"predecessor-version":[{"id":32695,"href":"https:\/\/elcronistadigital.com\/index.php?rest_route=\/wp\/v2\/posts\/32693\/revisions\/32695"}],"wp:featuredmedia":[{"embeddable":true,"href":"https:\/\/elcronistadigital.com\/index.php?rest_route=\/wp\/v2\/media\/32694"}],"wp:attachment":[{"href":"https:\/\/elcronistadigital.com\/index.php?rest_route=%2Fwp%2Fv2%2Fmedia&parent=32693"}],"wp:term":[{"taxonomy":"category","embeddable":true,"href":"https:\/\/elcronistadigital.com\/index.php?rest_route=%2Fwp%2Fv2%2Fcategories&post=32693"},{"taxonomy":"post_tag","embeddable":true,"href":"https:\/\/elcronistadigital.com\/index.php?rest_route=%2Fwp%2Fv2%2Ftags&post=32693"}],"curies":[{"name":"wp","href":"https:\/\/api.w.org\/{rel}","templated":true}]}}