{"id":32699,"date":"2014-06-12T19:32:46","date_gmt":"2014-06-13T01:32:46","guid":{"rendered":"http:\/\/elcronistadigital.com\/?p=32699"},"modified":"2014-06-12T19:32:46","modified_gmt":"2014-06-13T01:32:46","slug":"presidente-tico-quiere-acercarse-a-nicaragua","status":"publish","type":"post","link":"https:\/\/elcronistadigital.com\/?p=32699","title":{"rendered":"Presidente tico quiere acercarse a Nicaragua"},"content":{"rendered":"<div id=\"attachment_32700\" style=\"width: 290px\" class=\"wp-caption alignleft\"><a href=\"https:\/\/elcronistadigital.com\/?attachment_id=32700\" rel=\"attachment wp-att-32700\"><img loading=\"lazy\" decoding=\"async\" aria-describedby=\"caption-attachment-32700\" class=\"size-full wp-image-32700\" alt=\"Luis Guillermo Sol\u00eds, presidente de Costa Rica.\" src=\"https:\/\/elcronistadigital.com\/wp-content\/uploads\/2014\/06\/luis_guillermo_solis3.png\" width=\"280\" height=\"280\" srcset=\"https:\/\/elcronistadigital.com\/wp-content\/uploads\/2014\/06\/luis_guillermo_solis3.png 280w, https:\/\/elcronistadigital.com\/wp-content\/uploads\/2014\/06\/luis_guillermo_solis3-150x150.png 150w, https:\/\/elcronistadigital.com\/wp-content\/uploads\/2014\/06\/luis_guillermo_solis3-50x50.png 50w, https:\/\/elcronistadigital.com\/wp-content\/uploads\/2014\/06\/luis_guillermo_solis3-70x70.png 70w, https:\/\/elcronistadigital.com\/wp-content\/uploads\/2014\/06\/luis_guillermo_solis3-55x55.png 55w\" sizes=\"auto, (max-width: 280px) 100vw, 280px\" \/><\/a><p id=\"caption-attachment-32700\" class=\"wp-caption-text\">Luis Guillermo Sol\u00eds, presidente de Costa Rica.<\/p><\/div>\n<p>* Luis Guillermo Sol\u00eds aboga por \u00abdesanjuanizar\u00bb la relaci\u00f3n entre su pa\u00eds y Nicaragua, con un \u00abpragmatismo inteligente\u00bb que permita ver m\u00e1s all\u00e1 de los conflictos lim\u00edtrofes para cooperar en temas de inter\u00e9s com\u00fan.<\/p>\n<p>Washington.- El presidente de Costa Rica, Luis Guillermo Sol\u00eds, abog\u00f3 este jueves por \u00abdesanjuanizar\u00bb la relaci\u00f3n entre su pa\u00eds y Nicaragua, con un \u00abpragmatismo inteligente\u00bb que permita ver m\u00e1s all\u00e1 de los conflictos lim\u00edtrofes para cooperar en temas de inter\u00e9s com\u00fan.<\/p>\n<p>En una entrevista con Efe durante su visita a Washington, Sol\u00eds indic\u00f3 que los contenciosos fronterizos que mantienen ambos pa\u00edses \u00abno son temas menores\u00bb, pero es necesario \u00abentender, con un pragmatismo inteligente, que nuestros pueblos tienen interacciones que van mucho m\u00e1s all\u00e1 de los problemas fronterizos mismos\u00bb.<\/p>\n<p>\u00abYo he clamado desde hace a\u00f1os por &#8216;desanjuanizar&#8217; la relaci\u00f3n, aludiendo al r\u00edo San Juan que forma parte de buena extensi\u00f3n de nuestra frontera. Y creo que ese concepto alude a la necesidad de separar lo que tiene que ver con frontera de lo que tiene que ver con conveniencia comercial\u00bb, sostuvo el jefe de Estado.<\/p>\n<p>Sol\u00eds, quien asumi\u00f3 el poder hace apenas un mes, excluy\u00f3 a Nicaragua de su gira por Centroam\u00e9rica como presidente electo porque le parec\u00eda \u00abindebido\u00bb visitar el pa\u00eds \u00abmientras Nicaragua mantuviera la posici\u00f3n que mantiene despu\u00e9s de haber invadido territorio costarricense\u00bb.<\/p>\n<p>\u00abPero tenemos que garantizar, tanto ellos como nosotros, que la agenda binacional, que es compleja, sigue atendi\u00e9ndose debidamente por v\u00eda diplom\u00e1tica o comercial o de seguridad\u00bb, indic\u00f3.<\/p>\n<p>El mandatario record\u00f3 que \u00abNicaragua exporta una buena parte, si no la mayor parte, de su producci\u00f3n por puertos costarricenses en el Caribe, y Costa Rica exporta a Nicaragua m\u00e1s de 700 millones de d\u00f3lares al a\u00f1o y muchos millones de d\u00f3lares en remesas\u00bb de los \u00abm\u00e1s de 400.000 nicarag\u00fcenses que viven en Costa Rica\u00bb.<\/p>\n<p>Teniendo eso en cuenta, \u00abhabr\u00eda que estar loco para no entender la necesidad de un trabajo c\u00e1lido y cercano para la atenci\u00f3n de las necesidades de la gente\u00bb.<\/p>\n<p>\u00abAhora, esto no obsta para mantener una posici\u00f3n absolutamente clara, contundente, en materia fronteriza. Pero tenemos que buscar una cierta flexibilidad para el manejo de estos otros temas y creo que existe la voluntad y la lucidez en ambos Gobiernos para hacerlo\u00bb, afirm\u00f3 el mandatario.<\/p>\n<p>Sol\u00eds, del centro-izquierdista Partido Acci\u00f3n Ciudadana (PAC), ha decidido mantener ante la Corte Internacional de Justicia (CIJ) los conflictos lim\u00edtrofes con el pa\u00eds vecino, y este jueves pronostic\u00f3 que \u00abla primera de las demandas probablemente se resolver\u00e1 en alrededor de un a\u00f1o\u00bb.<\/p>\n<p>La CIJ, con sede en La Haya, tramita en un solo expediente dos casos entre Costa Rica y Nicaragua; el primero de ellos referido a una acusaci\u00f3n presentada en el 2010 por Costa Rica sobre da\u00f1os ambientales y la supuesta invasi\u00f3n de militares y civiles nicarag\u00fcenses a una zona de la costa caribe\u00f1a que ambos pa\u00edses reclaman como propia.<\/p>\n<p>Costa Rica llama ese lugar Isla Portillos o Isla Calero, mientras su vecino afirma que se trata de Harbor Head.<\/p>\n<p>El segundo caso es una demanda interpuesta por Nicaragua contra Costa Rica en el 2011 por supuestamente causar da\u00f1os ambientales al r\u00edo San Juan, de soberan\u00eda nicarag\u00fcense, durante la construcci\u00f3n de un camino de lastre de unos 160 kil\u00f3metros paralelo al afluente.<\/p>\n<p>En febrero pasado, Costa Rica tambi\u00e9n present\u00f3 a la CIJ otra demanda contra Nicaragua, para que los jueces establezcan los l\u00edmites mar\u00edtimos entre ambos pa\u00edses tanto en el Caribe como en el Pac\u00edfico.<\/p>\n","protected":false},"excerpt":{"rendered":"<p>* Luis Guillermo Sol\u00eds aboga por \u00abdesanjuanizar\u00bb la relaci\u00f3n entre su pa\u00eds y Nicaragua, con un \u00abpragmatismo inteligente\u00bb que permita ver m\u00e1s all\u00e1 de los conflictos lim\u00edtrofes para cooperar en temas de inter\u00e9s com\u00fan. Washington.- El presidente de Costa Rica, Luis Guillermo Sol\u00eds, abog\u00f3 este jueves por \u00abdesanjuanizar\u00bb la relaci\u00f3n entre su pa\u00eds y Nicaragua, [&hellip;]<\/p>\n","protected":false},"author":1,"featured_media":32700,"comment_status":"open","ping_status":"open","sticky":false,"template":"","format":"standard","meta":{"om_disable_all_campaigns":false,"_monsterinsights_skip_tracking":false,"_monsterinsights_sitenote_active":false,"_monsterinsights_sitenote_note":"","_monsterinsights_sitenote_category":0,"footnotes":""},"categories":[3524,13],"tags":[],"class_list":["post-32699","post","type-post","status-publish","format-standard","has-post-thumbnail","hentry","category-noticas","category-portada"],"aioseo_notices":[],"_links":{"self":[{"href":"https:\/\/elcronistadigital.com\/index.php?rest_route=\/wp\/v2\/posts\/32699","targetHints":{"allow":["GET"]}}],"collection":[{"href":"https:\/\/elcronistadigital.com\/index.php?rest_route=\/wp\/v2\/posts"}],"about":[{"href":"https:\/\/elcronistadigital.com\/index.php?rest_route=\/wp\/v2\/types\/post"}],"author":[{"embeddable":true,"href":"https:\/\/elcronistadigital.com\/index.php?rest_route=\/wp\/v2\/users\/1"}],"replies":[{"embeddable":true,"href":"https:\/\/elcronistadigital.com\/index.php?rest_route=%2Fwp%2Fv2%2Fcomments&post=32699"}],"version-history":[{"count":1,"href":"https:\/\/elcronistadigital.com\/index.php?rest_route=\/wp\/v2\/posts\/32699\/revisions"}],"predecessor-version":[{"id":32701,"href":"https:\/\/elcronistadigital.com\/index.php?rest_route=\/wp\/v2\/posts\/32699\/revisions\/32701"}],"wp:featuredmedia":[{"embeddable":true,"href":"https:\/\/elcronistadigital.com\/index.php?rest_route=\/wp\/v2\/media\/32700"}],"wp:attachment":[{"href":"https:\/\/elcronistadigital.com\/index.php?rest_route=%2Fwp%2Fv2%2Fmedia&parent=32699"}],"wp:term":[{"taxonomy":"category","embeddable":true,"href":"https:\/\/elcronistadigital.com\/index.php?rest_route=%2Fwp%2Fv2%2Fcategories&post=32699"},{"taxonomy":"post_tag","embeddable":true,"href":"https:\/\/elcronistadigital.com\/index.php?rest_route=%2Fwp%2Fv2%2Ftags&post=32699"}],"curies":[{"name":"wp","href":"https:\/\/api.w.org\/{rel}","templated":true}]}}