{"id":32702,"date":"2014-06-13T06:19:59","date_gmt":"2014-06-13T12:19:59","guid":{"rendered":"http:\/\/elcronistadigital.com\/?p=32702"},"modified":"2014-06-13T06:21:45","modified_gmt":"2014-06-13T12:21:45","slug":"orden-dario-cervantes-a-embajador-de-espana-en-nixcaragua","status":"publish","type":"post","link":"https:\/\/elcronistadigital.com\/?p=32702","title":{"rendered":"Orden Dar\u00edo-Cervantes a embajador de Espa\u00f1a en Nicaragua"},"content":{"rendered":"<div id=\"attachment_32703\" style=\"width: 296px\" class=\"wp-caption alignleft\"><a href=\"https:\/\/elcronistadigital.com\/?attachment_id=32703\" rel=\"attachment wp-att-32703\"><img loading=\"lazy\" decoding=\"async\" aria-describedby=\"caption-attachment-32703\" class=\"size-medium wp-image-32703\" alt=\"Le\u00f3n de la Torre Krais, embajador de Espa\u00f1a en Nicaragua.\" src=\"https:\/\/elcronistadigital.com\/wp-content\/uploads\/2014\/06\/Le\u00f3n-de-la-Torre-Krais-286x300.jpg\" width=\"286\" height=\"300\" srcset=\"https:\/\/elcronistadigital.com\/wp-content\/uploads\/2014\/06\/Le\u00f3n-de-la-Torre-Krais-286x300.jpg 286w, https:\/\/elcronistadigital.com\/wp-content\/uploads\/2014\/06\/Le\u00f3n-de-la-Torre-Krais-300x314.jpg 300w, https:\/\/elcronistadigital.com\/wp-content\/uploads\/2014\/06\/Le\u00f3n-de-la-Torre-Krais-80x85.jpg 80w, https:\/\/elcronistadigital.com\/wp-content\/uploads\/2014\/06\/Le\u00f3n-de-la-Torre-Krais.jpg 332w\" sizes=\"auto, (max-width: 286px) 100vw, 286px\" \/><\/a><p id=\"caption-attachment-32703\" class=\"wp-caption-text\">Le\u00f3n de la Torre Krais, embajador de Espa\u00f1a en Nicaragua.<\/p><\/div>\n<p>El embajador de Espa\u00f1a en Nicaragua, Le\u00f3n de la Torre Krais, recibi\u00f3 el jueves la orden cultural Dar\u00edo-Cervantes que otorga el Instituto Nicarag\u00fcense de Cultura Hisp\u00e1nica por sus aportaciones a la cultura de nuestro pa\u00eds.<\/p>\n<p>El diplom\u00e1tico espa\u00f1ol recibi\u00f3 la orden de manos del presidente de ese Instituto, Ren\u00e9 Gonz\u00e1lez, quien en su discurso destac\u00f3 los \u00abinvaluables aportes y contribuci\u00f3n a la cultura nacional\u00bb que ha hecho De la Torre Krais en Nicaragua, seg\u00fan consigna Efe.<\/p>\n<p>El embajador espa\u00f1ol, quien en julio pr\u00f3ximo concluye su misi\u00f3n en este pa\u00eds y agradeci\u00f3 el reconocimiento, promovi\u00f3 la candidatura a los premios Pr\u00edncipes de Asturias del Festival Internacional de Poes\u00eda que anualmente se celebra en la ciudad nicarag\u00fcense de Granada.<\/p>\n<p>Gonz\u00e1lez explic\u00f3 que la junta directiva de ese Instituto acord\u00f3 por unanimidad otorgar esa orden al embajador espa\u00f1ol por sus valiosos aportes y contribuci\u00f3n a esa instituci\u00f3n, al Centro Cultural de Espa\u00f1a en Nicaragua y a la cultura nacional durante el per\u00edodo que se ha desempe\u00f1ado como representante de su pa\u00eds en Managua.<\/p>\n<p>Adem\u00e1s, se reconocen las aportaciones sustanciales que realiz\u00f3 durante su gesti\u00f3n al desarrollo humano de los nicarag\u00fcenses en lo cultural, art\u00edstico, educativo, cient\u00edfico, social y econ\u00f3mico.<\/p>\n<p>El Instituto Nicarag\u00fcense de Cultura Hisp\u00e1nica cre\u00f3 en 2009 la orden cultural Dar\u00edo-Cervantes para distinguir a sus miembros y a personalidades que han trabajado para que sus objetivos, planes y programas se cumplan de forma que se logren impactos positivos en la sociedad nicarag\u00fcense.<\/p>\n<p>La orden cultural Dar\u00edo-Cervantes est\u00e1 inspirada en el poeta nicarag\u00fcense Rub\u00e9n Dar\u00edo (1867-1916) y el novelista espa\u00f1ol Miguel de Cervantes Saavedra (1547-1616), grandes hitos de la literatura en espa\u00f1ol.<\/p>\n","protected":false},"excerpt":{"rendered":"<p>El embajador de Espa\u00f1a en Nicaragua, Le\u00f3n de la Torre Krais, recibi\u00f3 el jueves la orden cultural Dar\u00edo-Cervantes que otorga el Instituto Nicarag\u00fcense de Cultura Hisp\u00e1nica por sus aportaciones a la cultura de nuestro pa\u00eds. El diplom\u00e1tico espa\u00f1ol recibi\u00f3 la orden de manos del presidente de ese Instituto, Ren\u00e9 Gonz\u00e1lez, quien en su discurso destac\u00f3 [&hellip;]<\/p>\n","protected":false},"author":1,"featured_media":32703,"comment_status":"open","ping_status":"open","sticky":false,"template":"","format":"standard","meta":{"om_disable_all_campaigns":false,"_monsterinsights_skip_tracking":false,"_monsterinsights_sitenote_active":false,"_monsterinsights_sitenote_note":"","_monsterinsights_sitenote_category":0,"footnotes":""},"categories":[3,10],"tags":[],"class_list":["post-32702","post","type-post","status-publish","format-standard","has-post-thumbnail","hentry","category-nacionales","category-cultura"],"aioseo_notices":[],"_links":{"self":[{"href":"https:\/\/elcronistadigital.com\/index.php?rest_route=\/wp\/v2\/posts\/32702","targetHints":{"allow":["GET"]}}],"collection":[{"href":"https:\/\/elcronistadigital.com\/index.php?rest_route=\/wp\/v2\/posts"}],"about":[{"href":"https:\/\/elcronistadigital.com\/index.php?rest_route=\/wp\/v2\/types\/post"}],"author":[{"embeddable":true,"href":"https:\/\/elcronistadigital.com\/index.php?rest_route=\/wp\/v2\/users\/1"}],"replies":[{"embeddable":true,"href":"https:\/\/elcronistadigital.com\/index.php?rest_route=%2Fwp%2Fv2%2Fcomments&post=32702"}],"version-history":[{"count":2,"href":"https:\/\/elcronistadigital.com\/index.php?rest_route=\/wp\/v2\/posts\/32702\/revisions"}],"predecessor-version":[{"id":32705,"href":"https:\/\/elcronistadigital.com\/index.php?rest_route=\/wp\/v2\/posts\/32702\/revisions\/32705"}],"wp:featuredmedia":[{"embeddable":true,"href":"https:\/\/elcronistadigital.com\/index.php?rest_route=\/wp\/v2\/media\/32703"}],"wp:attachment":[{"href":"https:\/\/elcronistadigital.com\/index.php?rest_route=%2Fwp%2Fv2%2Fmedia&parent=32702"}],"wp:term":[{"taxonomy":"category","embeddable":true,"href":"https:\/\/elcronistadigital.com\/index.php?rest_route=%2Fwp%2Fv2%2Fcategories&post=32702"},{"taxonomy":"post_tag","embeddable":true,"href":"https:\/\/elcronistadigital.com\/index.php?rest_route=%2Fwp%2Fv2%2Ftags&post=32702"}],"curies":[{"name":"wp","href":"https:\/\/api.w.org\/{rel}","templated":true}]}}