{"id":32712,"date":"2014-06-13T12:19:04","date_gmt":"2014-06-13T18:19:04","guid":{"rendered":"http:\/\/elcronistadigital.com\/?p=32712"},"modified":"2014-06-13T12:19:04","modified_gmt":"2014-06-13T18:19:04","slug":"espana-nombra-nuevo-embajador-en-nicaragua","status":"publish","type":"post","link":"https:\/\/elcronistadigital.com\/?p=32712","title":{"rendered":"Espa\u00f1a nombra nuevo embajador en Nicaragua"},"content":{"rendered":"<div id=\"attachment_32713\" style=\"width: 186px\" class=\"wp-caption alignleft\"><a href=\"https:\/\/elcronistadigital.com\/?attachment_id=32713\" rel=\"attachment wp-att-32713\"><img loading=\"lazy\" decoding=\"async\" aria-describedby=\"caption-attachment-32713\" class=\"size-full wp-image-32713\" alt=\"Rafael Garranzo Garc\u00eda fue nombrado nuevo embajador de Espa\u00f1a en Nicaragua.\" src=\"https:\/\/elcronistadigital.com\/wp-content\/uploads\/2014\/06\/Rafael-Garranzo-Garc\u00eda.jpg\" width=\"176\" height=\"253\" \/><\/a><p id=\"caption-attachment-32713\" class=\"wp-caption-text\">Rafael Garranzo Garc\u00eda fue nombrado nuevo embajador de Espa\u00f1a en Nicaragua.<\/p><\/div>\n<p>El Consejo de Ministros de Espa\u00f1a aprob\u00f3 este viernes el nombramiento del nuevo embajador en Nicaragua, cargo que recay\u00f3 en Rafael Garranzo Garc\u00eda.<\/p>\n<p>Nacido en 1956, Garranzo es licenciado en Ciencias Pol\u00edticas y Sociolog\u00eda e ingres\u00f3 en 1985 en la carrera diplom\u00e1tica.<\/p>\n<p>Despu\u00e9s de desempe\u00f1ar diversos puestos en la Direcci\u00f3n General de Pol\u00edtica Exterior para Am\u00e9rica del Norte y Pac\u00edfico, estuvo destinado en las representaciones diplom\u00e1ticas espa\u00f1olas en Guatemala, Italia y Chile.<\/p>\n<p>Fue subdirector general adjunto de Asuntos Internacionales de Desarme, subdirector general de Cooperaci\u00f3n con M\u00e9xico, Am\u00e9rica Central y Caribe, y consejero en la Embajada de Espa\u00f1a en EEUU.<\/p>\n<p>Garranzo Garc\u00eda ha sido subdirector general de Am\u00e9rica del Norte y actualmente era director de Cooperaci\u00f3n para Am\u00e9rica Latina y el Caribe en la Agencia Espa\u00f1ola para la Cooperaci\u00f3n Internacional para el Desarrollo (AECID).<\/p>\n","protected":false},"excerpt":{"rendered":"<p>El Consejo de Ministros de Espa\u00f1a aprob\u00f3 este viernes el nombramiento del nuevo embajador en Nicaragua, cargo que recay\u00f3 en Rafael Garranzo Garc\u00eda. Nacido en 1956, Garranzo es licenciado en Ciencias Pol\u00edticas y Sociolog\u00eda e ingres\u00f3 en 1985 en la carrera diplom\u00e1tica. Despu\u00e9s de desempe\u00f1ar diversos puestos en la Direcci\u00f3n General de Pol\u00edtica Exterior para [&hellip;]<\/p>\n","protected":false},"author":1,"featured_media":32713,"comment_status":"open","ping_status":"open","sticky":false,"template":"","format":"standard","meta":{"om_disable_all_campaigns":false,"_monsterinsights_skip_tracking":false,"_monsterinsights_sitenote_active":false,"_monsterinsights_sitenote_note":"","_monsterinsights_sitenote_category":0,"footnotes":""},"categories":[3524],"tags":[],"class_list":["post-32712","post","type-post","status-publish","format-standard","has-post-thumbnail","hentry","category-noticas"],"aioseo_notices":[],"_links":{"self":[{"href":"https:\/\/elcronistadigital.com\/index.php?rest_route=\/wp\/v2\/posts\/32712","targetHints":{"allow":["GET"]}}],"collection":[{"href":"https:\/\/elcronistadigital.com\/index.php?rest_route=\/wp\/v2\/posts"}],"about":[{"href":"https:\/\/elcronistadigital.com\/index.php?rest_route=\/wp\/v2\/types\/post"}],"author":[{"embeddable":true,"href":"https:\/\/elcronistadigital.com\/index.php?rest_route=\/wp\/v2\/users\/1"}],"replies":[{"embeddable":true,"href":"https:\/\/elcronistadigital.com\/index.php?rest_route=%2Fwp%2Fv2%2Fcomments&post=32712"}],"version-history":[{"count":1,"href":"https:\/\/elcronistadigital.com\/index.php?rest_route=\/wp\/v2\/posts\/32712\/revisions"}],"predecessor-version":[{"id":32714,"href":"https:\/\/elcronistadigital.com\/index.php?rest_route=\/wp\/v2\/posts\/32712\/revisions\/32714"}],"wp:featuredmedia":[{"embeddable":true,"href":"https:\/\/elcronistadigital.com\/index.php?rest_route=\/wp\/v2\/media\/32713"}],"wp:attachment":[{"href":"https:\/\/elcronistadigital.com\/index.php?rest_route=%2Fwp%2Fv2%2Fmedia&parent=32712"}],"wp:term":[{"taxonomy":"category","embeddable":true,"href":"https:\/\/elcronistadigital.com\/index.php?rest_route=%2Fwp%2Fv2%2Fcategories&post=32712"},{"taxonomy":"post_tag","embeddable":true,"href":"https:\/\/elcronistadigital.com\/index.php?rest_route=%2Fwp%2Fv2%2Ftags&post=32712"}],"curies":[{"name":"wp","href":"https:\/\/api.w.org\/{rel}","templated":true}]}}