{"id":32715,"date":"2014-06-14T05:57:40","date_gmt":"2014-06-14T11:57:40","guid":{"rendered":"http:\/\/elcronistadigital.com\/?p=32715"},"modified":"2014-06-14T05:57:40","modified_gmt":"2014-06-14T11:57:40","slug":"expica-se-celebrara-en-julio","status":"publish","type":"post","link":"https:\/\/elcronistadigital.com\/?p=32715","title":{"rendered":"Expica se celebrar\u00e1 en julio"},"content":{"rendered":"<p><a href=\"https:\/\/elcronistadigital.com\/?attachment_id=32716\" rel=\"attachment wp-att-32716\"><img loading=\"lazy\" decoding=\"async\" class=\"alignleft size-full wp-image-32716\" alt=\"Expica\" src=\"https:\/\/elcronistadigital.com\/wp-content\/uploads\/2014\/06\/Expica.jpg\" width=\"300\" height=\"225\" srcset=\"https:\/\/elcronistadigital.com\/wp-content\/uploads\/2014\/06\/Expica.jpg 300w, https:\/\/elcronistadigital.com\/wp-content\/uploads\/2014\/06\/Expica-60x45.jpg 60w, https:\/\/elcronistadigital.com\/wp-content\/uploads\/2014\/06\/Expica-150x113.jpg 150w, https:\/\/elcronistadigital.com\/wp-content\/uploads\/2014\/06\/Expica-269x201.jpg 269w\" sizes=\"auto, (max-width: 300px) 100vw, 300px\" \/><\/a>La Exposici\u00f3n Pecuaria Centroamericana (Expica) se celebrar\u00e1 en Nicaragua en julio pr\u00f3ximo y reunir\u00e1 casi un millar de ejemplares de Costa Rica, El Salvador, Estados Unidos, Guatemala, Honduras, M\u00e9xico, Panam\u00e1 y el pa\u00eds, anunci\u00f3 el viernes su comit\u00e9 organizador.<\/p>\n<p>La exposici\u00f3n tendr\u00e1 lugar del 17 al 27 de julio pr\u00f3ximo y se mostraran y negociaran unos 800 ejemplares, equipos y bovinos, dijo el presidente de Expica 2014, Oscar Sobalvarro.<\/p>\n<p>Los organizadores esperan que cada d\u00eda Expica 2014 sea visitada por al menos 7.000 personas, y que m\u00e1s de 5 millones de d\u00f3lares sean negociados durante el evento.<\/p>\n","protected":false},"excerpt":{"rendered":"<p>La Exposici\u00f3n Pecuaria Centroamericana (Expica) se celebrar\u00e1 en Nicaragua en julio pr\u00f3ximo y reunir\u00e1 casi un millar de ejemplares de Costa Rica, El Salvador, Estados Unidos, Guatemala, Honduras, M\u00e9xico, Panam\u00e1 y el pa\u00eds, anunci\u00f3 el viernes su comit\u00e9 organizador. La exposici\u00f3n tendr\u00e1 lugar del 17 al 27 de julio pr\u00f3ximo y se mostraran y negociaran [&hellip;]<\/p>\n","protected":false},"author":1,"featured_media":32716,"comment_status":"open","ping_status":"open","sticky":false,"template":"","format":"standard","meta":{"om_disable_all_campaigns":false,"_monsterinsights_skip_tracking":false,"_monsterinsights_sitenote_active":false,"_monsterinsights_sitenote_note":"","_monsterinsights_sitenote_category":0,"footnotes":""},"categories":[3,4],"tags":[],"class_list":["post-32715","post","type-post","status-publish","format-standard","has-post-thumbnail","hentry","category-nacionales","category-economia"],"aioseo_notices":[],"_links":{"self":[{"href":"https:\/\/elcronistadigital.com\/index.php?rest_route=\/wp\/v2\/posts\/32715","targetHints":{"allow":["GET"]}}],"collection":[{"href":"https:\/\/elcronistadigital.com\/index.php?rest_route=\/wp\/v2\/posts"}],"about":[{"href":"https:\/\/elcronistadigital.com\/index.php?rest_route=\/wp\/v2\/types\/post"}],"author":[{"embeddable":true,"href":"https:\/\/elcronistadigital.com\/index.php?rest_route=\/wp\/v2\/users\/1"}],"replies":[{"embeddable":true,"href":"https:\/\/elcronistadigital.com\/index.php?rest_route=%2Fwp%2Fv2%2Fcomments&post=32715"}],"version-history":[{"count":1,"href":"https:\/\/elcronistadigital.com\/index.php?rest_route=\/wp\/v2\/posts\/32715\/revisions"}],"predecessor-version":[{"id":32717,"href":"https:\/\/elcronistadigital.com\/index.php?rest_route=\/wp\/v2\/posts\/32715\/revisions\/32717"}],"wp:featuredmedia":[{"embeddable":true,"href":"https:\/\/elcronistadigital.com\/index.php?rest_route=\/wp\/v2\/media\/32716"}],"wp:attachment":[{"href":"https:\/\/elcronistadigital.com\/index.php?rest_route=%2Fwp%2Fv2%2Fmedia&parent=32715"}],"wp:term":[{"taxonomy":"category","embeddable":true,"href":"https:\/\/elcronistadigital.com\/index.php?rest_route=%2Fwp%2Fv2%2Fcategories&post=32715"},{"taxonomy":"post_tag","embeddable":true,"href":"https:\/\/elcronistadigital.com\/index.php?rest_route=%2Fwp%2Fv2%2Ftags&post=32715"}],"curies":[{"name":"wp","href":"https:\/\/api.w.org\/{rel}","templated":true}]}}