{"id":32721,"date":"2014-06-14T07:22:53","date_gmt":"2014-06-14T13:22:53","guid":{"rendered":"http:\/\/elcronistadigital.com\/?p=32721"},"modified":"2014-06-14T07:22:53","modified_gmt":"2014-06-14T13:22:53","slug":"dos-orquideas-de-nicaragua","status":"publish","type":"post","link":"https:\/\/elcronistadigital.com\/?p=32721","title":{"rendered":"Dos orqu\u00eddeas de Nicaragua"},"content":{"rendered":"<p><a href=\"https:\/\/elcronistadigital.com\/?attachment_id=32723\" rel=\"attachment wp-att-32723\"><img loading=\"lazy\" decoding=\"async\" class=\"alignleft size-full wp-image-32723\" alt=\"orqui1\" src=\"https:\/\/elcronistadigital.com\/wp-content\/uploads\/2014\/06\/orqui1.jpg\" width=\"500\" height=\"375\" srcset=\"https:\/\/elcronistadigital.com\/wp-content\/uploads\/2014\/06\/orqui1.jpg 500w, https:\/\/elcronistadigital.com\/wp-content\/uploads\/2014\/06\/orqui1-300x225.jpg 300w, https:\/\/elcronistadigital.com\/wp-content\/uploads\/2014\/06\/orqui1-342x256.jpg 342w, https:\/\/elcronistadigital.com\/wp-content\/uploads\/2014\/06\/orqui1-60x45.jpg 60w, https:\/\/elcronistadigital.com\/wp-content\/uploads\/2014\/06\/orqui1-150x113.jpg 150w, https:\/\/elcronistadigital.com\/wp-content\/uploads\/2014\/06\/orqui1-269x201.jpg 269w\" sizes=\"auto, (max-width: 500px) 100vw, 500px\" \/><\/a>Aunque el fen\u00f3meno climatol\u00f3gico \u201cEl Ni\u00f1o\u201d se est\u00e1 ensa\u00f1ando en nuestro pa\u00eds a trav\u00e9s de una brutal sequ\u00eda, las orqu\u00eddeas, esas maravillosas reinas de las flores no fallan en su cita anual en sus h\u00e1bitats naturales o en orquidearios ubicados en los jardines de Nicaragua.<\/p>\n<p>Hace un par de semanas abrieron sus p\u00e9talos en el jard\u00edn de do\u00f1a Xiomara Mendieta, en la carretera a Masaya, la Brassavola nodosa o \u00abHuele de noche\u00bb (blanca) por el rico aroma nocturno de sus flores, y una Encyclia papillosa, tenaz en su florecimiento a\u00f1o con a\u00f1o.<\/p>\n<p>En nuestro pa\u00eds se calculan unas 1,400 variedades de orqu\u00eddeas de las al menos 30,000 que hay en el mundo, aunque no todas han sido clasificadas. Son quiz\u00e1s las plantas m\u00e1s espectaculares del planeta y aunque parezcan par\u00e1sitas, en realidad son ep\u00edfitas, es decir, que se hospedan en \u00e1rboles pero sin utilizar sus nutrientes.<\/p>\n","protected":false},"excerpt":{"rendered":"<p>Aunque el fen\u00f3meno climatol\u00f3gico \u201cEl Ni\u00f1o\u201d se est\u00e1 ensa\u00f1ando en nuestro pa\u00eds a trav\u00e9s de una brutal sequ\u00eda, las orqu\u00eddeas, esas maravillosas reinas de las flores no fallan en su cita anual en sus h\u00e1bitats naturales o en orquidearios ubicados en los jardines de Nicaragua. Hace un par de semanas abrieron sus p\u00e9talos en el [&hellip;]<\/p>\n","protected":false},"author":1,"featured_media":32723,"comment_status":"open","ping_status":"open","sticky":false,"template":"","format":"standard","meta":{"om_disable_all_campaigns":false,"_monsterinsights_skip_tracking":false,"_monsterinsights_sitenote_active":false,"_monsterinsights_sitenote_note":"","_monsterinsights_sitenote_category":0,"footnotes":""},"categories":[8],"tags":[3968],"class_list":["post-32721","post","type-post","status-publish","format-standard","has-post-thumbnail","hentry","category-medio-ambiente","tag-orquideas-de-nicaragua"],"aioseo_notices":[],"_links":{"self":[{"href":"https:\/\/elcronistadigital.com\/index.php?rest_route=\/wp\/v2\/posts\/32721","targetHints":{"allow":["GET"]}}],"collection":[{"href":"https:\/\/elcronistadigital.com\/index.php?rest_route=\/wp\/v2\/posts"}],"about":[{"href":"https:\/\/elcronistadigital.com\/index.php?rest_route=\/wp\/v2\/types\/post"}],"author":[{"embeddable":true,"href":"https:\/\/elcronistadigital.com\/index.php?rest_route=\/wp\/v2\/users\/1"}],"replies":[{"embeddable":true,"href":"https:\/\/elcronistadigital.com\/index.php?rest_route=%2Fwp%2Fv2%2Fcomments&post=32721"}],"version-history":[{"count":1,"href":"https:\/\/elcronistadigital.com\/index.php?rest_route=\/wp\/v2\/posts\/32721\/revisions"}],"predecessor-version":[{"id":32724,"href":"https:\/\/elcronistadigital.com\/index.php?rest_route=\/wp\/v2\/posts\/32721\/revisions\/32724"}],"wp:featuredmedia":[{"embeddable":true,"href":"https:\/\/elcronistadigital.com\/index.php?rest_route=\/wp\/v2\/media\/32723"}],"wp:attachment":[{"href":"https:\/\/elcronistadigital.com\/index.php?rest_route=%2Fwp%2Fv2%2Fmedia&parent=32721"}],"wp:term":[{"taxonomy":"category","embeddable":true,"href":"https:\/\/elcronistadigital.com\/index.php?rest_route=%2Fwp%2Fv2%2Fcategories&post=32721"},{"taxonomy":"post_tag","embeddable":true,"href":"https:\/\/elcronistadigital.com\/index.php?rest_route=%2Fwp%2Fv2%2Ftags&post=32721"}],"curies":[{"name":"wp","href":"https:\/\/api.w.org\/{rel}","templated":true}]}}