{"id":32730,"date":"2014-06-15T08:40:55","date_gmt":"2014-06-15T14:40:55","guid":{"rendered":"http:\/\/elcronistadigital.com\/?p=32730"},"modified":"2014-06-15T08:40:55","modified_gmt":"2014-06-15T14:40:55","slug":"muchas-gracias-nicaragua-por-oscar-duarte","status":"publish","type":"post","link":"https:\/\/elcronistadigital.com\/?p=32730","title":{"rendered":"\u00a1Muchas gracias, Nicaragua, por Oscar Duarte!"},"content":{"rendered":"<p><a href=\"https:\/\/elcronistadigital.com\/?attachment_id=32731\" rel=\"attachment wp-att-32731\"><img loading=\"lazy\" decoding=\"async\" class=\"alignleft size-full wp-image-32731\" alt=\"Oscar Duarte gol\" src=\"https:\/\/elcronistadigital.com\/wp-content\/uploads\/2014\/06\/Oscar-Duarte-gol.jpg\" width=\"1024\" height=\"623\" srcset=\"https:\/\/elcronistadigital.com\/wp-content\/uploads\/2014\/06\/Oscar-Duarte-gol.jpg 1024w, https:\/\/elcronistadigital.com\/wp-content\/uploads\/2014\/06\/Oscar-Duarte-gol-300x182.jpg 300w, https:\/\/elcronistadigital.com\/wp-content\/uploads\/2014\/06\/Oscar-Duarte-gol-342x208.jpg 342w\" sizes=\"auto, (max-width: 1024px) 100vw, 1024px\" \/><\/a>Redacci\u00f3n ElGuardian.cr<\/p>\n<p>Una explosi\u00f3n a lo largo y ancho de los 51.100 kil\u00f3metros cuadrados de Costa Rica. El \u00e9xtasis total del f\u00fatbol. Su majestad el gol. A los 57 minutos del partido entre Costa Rica y Uruguay, la cabeza de un jugador tico, Oscar Duarte, desvi\u00f3 un centro, tras un tiro libre, que termin\u00f3 en las redes del portero Muslera que hizo la estatua. Duarte gol. Duarte alegr\u00eda. Duarte felicidad. Duarte 2-1 Costa Rica gan\u00e1ndole a Uruguay.<\/p>\n<p>Esa anotaci\u00f3n que hizo llorar a los casi cinco millones de costarricenses la consigui\u00f3 un nativo de Nicaragua, nuestro hermano pa\u00eds, nuestro vecino. Costa Rica y Nicaragua se abrazaron en un solo cuerpo y coraz\u00f3n a ritmo de gol. Es el primer jugador de f\u00fatbol, de origen nicarag\u00fcense, que anota en una Copa Mundo de la FIFA.<\/p>\n<p>Y es que Duarte naci\u00f3 un 3 de julio de 1989 en el departamento de Masaya, Nicaragua. Con cinco a\u00f1os de edad su familia se anim\u00f3 a buscar mejores condiciones socioecon\u00f3micas en Costa Rica, esa decisi\u00f3n familiar le cambi\u00f3 la vida por completo, lo arranc\u00f3 del suelo pinolero y lo enraiz\u00f3 en tierras ticas. Un amor y una pasi\u00f3n que anuda dos pa\u00edses, dos culturas hermanas.<\/p>\n<p>Duarte, un defensa con coraje y fortaleza, dio de qu\u00e9 hablar a partir del 2010 con el Deportivo Saprissa, en el 2011 le lleg\u00f3 su primera cita a la Tricolor preol\u00edmpica en la ruta a Londres 2012, pero ese representativo patrio qued\u00f3 eliminado.<\/p>\n<p>Con Lavolpe disput\u00f3 la Copa Uncaf y la Copa Oro del 2011, adem\u00e1s se lleg\u00f3 oportunidad en la Copa Am\u00e9rica. Eso le signific\u00f3 la vitrina perfecta para irse a jugar a Europa, con el Brujas de B\u00e9lgica, en donde act\u00faa hoy por hoy.<\/p>\n","protected":false},"excerpt":{"rendered":"<p>Redacci\u00f3n ElGuardian.cr Una explosi\u00f3n a lo largo y ancho de los 51.100 kil\u00f3metros cuadrados de Costa Rica. El \u00e9xtasis total del f\u00fatbol. Su majestad el gol. A los 57 minutos del partido entre Costa Rica y Uruguay, la cabeza de un jugador tico, Oscar Duarte, desvi\u00f3 un centro, tras un tiro libre, que termin\u00f3 en [&hellip;]<\/p>\n","protected":false},"author":1,"featured_media":32731,"comment_status":"open","ping_status":"open","sticky":false,"template":"","format":"standard","meta":{"om_disable_all_campaigns":false,"_monsterinsights_skip_tracking":false,"_monsterinsights_sitenote_active":false,"_monsterinsights_sitenote_note":"","_monsterinsights_sitenote_category":0,"footnotes":""},"categories":[3524],"tags":[],"class_list":["post-32730","post","type-post","status-publish","format-standard","has-post-thumbnail","hentry","category-noticas"],"aioseo_notices":[],"_links":{"self":[{"href":"https:\/\/elcronistadigital.com\/index.php?rest_route=\/wp\/v2\/posts\/32730","targetHints":{"allow":["GET"]}}],"collection":[{"href":"https:\/\/elcronistadigital.com\/index.php?rest_route=\/wp\/v2\/posts"}],"about":[{"href":"https:\/\/elcronistadigital.com\/index.php?rest_route=\/wp\/v2\/types\/post"}],"author":[{"embeddable":true,"href":"https:\/\/elcronistadigital.com\/index.php?rest_route=\/wp\/v2\/users\/1"}],"replies":[{"embeddable":true,"href":"https:\/\/elcronistadigital.com\/index.php?rest_route=%2Fwp%2Fv2%2Fcomments&post=32730"}],"version-history":[{"count":1,"href":"https:\/\/elcronistadigital.com\/index.php?rest_route=\/wp\/v2\/posts\/32730\/revisions"}],"predecessor-version":[{"id":32732,"href":"https:\/\/elcronistadigital.com\/index.php?rest_route=\/wp\/v2\/posts\/32730\/revisions\/32732"}],"wp:featuredmedia":[{"embeddable":true,"href":"https:\/\/elcronistadigital.com\/index.php?rest_route=\/wp\/v2\/media\/32731"}],"wp:attachment":[{"href":"https:\/\/elcronistadigital.com\/index.php?rest_route=%2Fwp%2Fv2%2Fmedia&parent=32730"}],"wp:term":[{"taxonomy":"category","embeddable":true,"href":"https:\/\/elcronistadigital.com\/index.php?rest_route=%2Fwp%2Fv2%2Fcategories&post=32730"},{"taxonomy":"post_tag","embeddable":true,"href":"https:\/\/elcronistadigital.com\/index.php?rest_route=%2Fwp%2Fv2%2Ftags&post=32730"}],"curies":[{"name":"wp","href":"https:\/\/api.w.org\/{rel}","templated":true}]}}