{"id":32733,"date":"2014-06-15T09:19:31","date_gmt":"2014-06-15T15:19:31","guid":{"rendered":"http:\/\/elcronistadigital.com\/?p=32733"},"modified":"2014-06-15T09:19:31","modified_gmt":"2014-06-15T15:19:31","slug":"feria-sobre-el-arbol-del-eden","status":"publish","type":"post","link":"https:\/\/elcronistadigital.com\/?p=32733","title":{"rendered":"Feria sobre \u201cel \u00e1rbol del Ed\u00e9n\u201d"},"content":{"rendered":"<p><a href=\"https:\/\/elcronistadigital.com\/?attachment_id=32735\" rel=\"attachment wp-att-32735\"><img loading=\"lazy\" decoding=\"async\" class=\"alignleft size-full wp-image-32735\" alt=\"marango moringa\" src=\"https:\/\/elcronistadigital.com\/wp-content\/uploads\/2014\/06\/marango-moringa1.jpg\" width=\"528\" height=\"304\" srcset=\"https:\/\/elcronistadigital.com\/wp-content\/uploads\/2014\/06\/marango-moringa1.jpg 528w, https:\/\/elcronistadigital.com\/wp-content\/uploads\/2014\/06\/marango-moringa1-300x172.jpg 300w, https:\/\/elcronistadigital.com\/wp-content\/uploads\/2014\/06\/marango-moringa1-342x196.jpg 342w\" sizes=\"auto, (max-width: 528px) 100vw, 528px\" \/><\/a>Veinticinco platillos preparados con marango o moringa ser\u00e1n presentados el mi\u00e9rcoles 18 de junio en el Parque Japon\u00e9s de Managua, durante el primer encuentro de los seguidores del denominado \u201c\u00e1rbol de la vida\u201d o \u201c\u00e1rbol del Ed\u00e9n\u201d que se realiza en nuestro pa\u00eds.<\/p>\n<p>La Moringa ole\u00edfera es un noble \u00e1rbol de origen hind\u00fa cuya utilizaci\u00f3n ha sido subvalorada en nuestro pa\u00eds, donde solo se hab\u00edan realizado estudios como suplemento en la dieta del ganado.<\/p>\n<p>El del Parque Japon\u00e9s ser\u00e1 el Primer Encuentro del Marango, en una feria que promover\u00e1 los beneficios y propiedades de esta planta que puede ser utilizada para el consumo humano y animal.<br \/>\n\u201cNosotros queremos que la planta salga de las instituciones y de las aulas universitarias y que todos los beneficios que tenga se restituya en nuestro pueblo, la planta es muy rica en energ\u00eda, los amino\u00e1cidos son excelentes, tiene sustancias que pueden ayudar en diversas enfermedades\u201d, dijo el Dr. Bryan Mendieta, coordinador del proyecto Marango.<\/p>\n<p>Este encuentro es impulsado por el Instituto Nicarag\u00fcense de Tecnolog\u00eda Agropecuaria (INTA), Tecnol\u00f3gico Nacional, el Ministerio de Econom\u00eda Familiar, Comunitaria y Asociativa (MEFCA) y el CNU a trav\u00e9s de la Universidad Nacional Agraria (UNA), seg\u00fan medios oficiales.<\/p>\n<p>La feria dar\u00e1 inicio a las 8 de la ma\u00f1ana y finalizar\u00e1 a las 5 de la tarde. Entre los platillos que presentar\u00e1 el Tecnol\u00f3gico Nacional se cuentan espaguetis con marango, pie de queso con marango, aparte del t\u00e9 de marango, entre otra variedad de alimentos.<\/p>\n<p>El Primer Encuentro Nacional del Marango pretenden reunir a m\u00e1s de 800 personas entre productores, estudiantes del Tecnol\u00f3gico Nacional, universitarios y poblaci\u00f3n en general que tenga el inter\u00e9s de conocer de esta planta o \u00e1rbol milagroso, a como es conocido en el mundo.<\/p>\n","protected":false},"excerpt":{"rendered":"<p>Veinticinco platillos preparados con marango o moringa ser\u00e1n presentados el mi\u00e9rcoles 18 de junio en el Parque Japon\u00e9s de Managua, durante el primer encuentro de los seguidores del denominado \u201c\u00e1rbol de la vida\u201d o \u201c\u00e1rbol del Ed\u00e9n\u201d que se realiza en nuestro pa\u00eds. La Moringa ole\u00edfera es un noble \u00e1rbol de origen hind\u00fa cuya utilizaci\u00f3n [&hellip;]<\/p>\n","protected":false},"author":1,"featured_media":32735,"comment_status":"open","ping_status":"open","sticky":false,"template":"","format":"standard","meta":{"om_disable_all_campaigns":false,"_monsterinsights_skip_tracking":false,"_monsterinsights_sitenote_active":false,"_monsterinsights_sitenote_note":"","_monsterinsights_sitenote_category":0,"footnotes":""},"categories":[3,8],"tags":[],"class_list":["post-32733","post","type-post","status-publish","format-standard","has-post-thumbnail","hentry","category-nacionales","category-medio-ambiente"],"aioseo_notices":[],"_links":{"self":[{"href":"https:\/\/elcronistadigital.com\/index.php?rest_route=\/wp\/v2\/posts\/32733","targetHints":{"allow":["GET"]}}],"collection":[{"href":"https:\/\/elcronistadigital.com\/index.php?rest_route=\/wp\/v2\/posts"}],"about":[{"href":"https:\/\/elcronistadigital.com\/index.php?rest_route=\/wp\/v2\/types\/post"}],"author":[{"embeddable":true,"href":"https:\/\/elcronistadigital.com\/index.php?rest_route=\/wp\/v2\/users\/1"}],"replies":[{"embeddable":true,"href":"https:\/\/elcronistadigital.com\/index.php?rest_route=%2Fwp%2Fv2%2Fcomments&post=32733"}],"version-history":[{"count":1,"href":"https:\/\/elcronistadigital.com\/index.php?rest_route=\/wp\/v2\/posts\/32733\/revisions"}],"predecessor-version":[{"id":32736,"href":"https:\/\/elcronistadigital.com\/index.php?rest_route=\/wp\/v2\/posts\/32733\/revisions\/32736"}],"wp:featuredmedia":[{"embeddable":true,"href":"https:\/\/elcronistadigital.com\/index.php?rest_route=\/wp\/v2\/media\/32735"}],"wp:attachment":[{"href":"https:\/\/elcronistadigital.com\/index.php?rest_route=%2Fwp%2Fv2%2Fmedia&parent=32733"}],"wp:term":[{"taxonomy":"category","embeddable":true,"href":"https:\/\/elcronistadigital.com\/index.php?rest_route=%2Fwp%2Fv2%2Fcategories&post=32733"},{"taxonomy":"post_tag","embeddable":true,"href":"https:\/\/elcronistadigital.com\/index.php?rest_route=%2Fwp%2Fv2%2Ftags&post=32733"}],"curies":[{"name":"wp","href":"https:\/\/api.w.org\/{rel}","templated":true}]}}