{"id":32741,"date":"2014-06-16T06:19:42","date_gmt":"2014-06-16T12:19:42","guid":{"rendered":"http:\/\/elcronistadigital.com\/?p=32741"},"modified":"2014-06-16T06:20:34","modified_gmt":"2014-06-16T12:20:34","slug":"santos-reelecto-en-colombia","status":"publish","type":"post","link":"https:\/\/elcronistadigital.com\/?p=32741","title":{"rendered":"Santos reelecto en Colombia"},"content":{"rendered":"<p><a href=\"https:\/\/elcronistadigital.com\/?attachment_id=32742\" rel=\"attachment wp-att-32742\"><img loading=\"lazy\" decoding=\"async\" class=\"alignleft size-full wp-image-32742\" alt=\"Santos reelecto\" src=\"https:\/\/elcronistadigital.com\/wp-content\/uploads\/2014\/06\/Santos-reelecto.jpg\" width=\"560\" height=\"373\" srcset=\"https:\/\/elcronistadigital.com\/wp-content\/uploads\/2014\/06\/Santos-reelecto.jpg 560w, https:\/\/elcronistadigital.com\/wp-content\/uploads\/2014\/06\/Santos-reelecto-300x199.jpg 300w, https:\/\/elcronistadigital.com\/wp-content\/uploads\/2014\/06\/Santos-reelecto-342x227.jpg 342w\" sizes=\"auto, (max-width: 560px) 100vw, 560px\" \/><\/a>Juan Manuel Santos fue reelegido Presidente de la Rep\u00fablica para el periodo 2014-2018 con el 50.90%, mientras su contendor \u00d3scar Iv\u00e1n Zuluaga obtuvo el 45.04%, public\u00f3 el diario El Espectador.<\/p>\n<p>Santos recibi\u00f3 el visto bueno de 7.784.916, mientras Zuluaga fue acompa\u00f1ado por 6.888.639.<\/p>\n<p>A partir del cierre de los centros de votaci\u00f3n, a las 4:00 de la tarde comenzaron a llegar centenares de seguidores del presidente al espacio acondicionado para seguir los resultados de la victoria.<\/p>\n<p>Una gran carpa cobija la tarima con m\u00e1s de treinta banderas de Colombia y dos pantallas gigantes en las que personajes de la vida pol\u00edtica que apoyan a Santos, como \u00cdngrid Betancourt, y otros ciudadanos muestran sus manos con la palabra \u00abpaz\u00bb escrita en la palma.<\/p>\n<p>El caballo de batalla de la campa\u00f1a del presidente por la reelecci\u00f3n a partir del proceso de paz que est\u00e1 en marcha con las Farc y que se est\u00e1 explorando con el ELN.<\/p>\n<p>A medida que iban saliendo los resultados, que provocaron una explosi\u00f3n de alegr\u00eda cuando empezaron a darle ventaja al mandatario, los simpatizantes empezaron a corear \u00abSe vive, se siente, Santos presidente\u00bb y \u00abS\u00ed se pudo\u00bb agitando las banderitas.<\/p>\n<p>Al menos 32,9 millones de colombianos estaban llamados a votar este domingo para elegir al presidente para el periodo 2014-2018 y decidir as\u00ed si quer\u00edan que continuar\u00e1 el proceso de paz para poner fin a medio siglo de conflicto armado interno tal como lo desarroll\u00f3 Santos desde 2012.<\/p>\n","protected":false},"excerpt":{"rendered":"<p>Juan Manuel Santos fue reelegido Presidente de la Rep\u00fablica para el periodo 2014-2018 con el 50.90%, mientras su contendor \u00d3scar Iv\u00e1n Zuluaga obtuvo el 45.04%, public\u00f3 el diario El Espectador. Santos recibi\u00f3 el visto bueno de 7.784.916, mientras Zuluaga fue acompa\u00f1ado por 6.888.639. A partir del cierre de los centros de votaci\u00f3n, a las 4:00 [&hellip;]<\/p>\n","protected":false},"author":1,"featured_media":32742,"comment_status":"open","ping_status":"open","sticky":false,"template":"","format":"standard","meta":{"om_disable_all_campaigns":false,"_monsterinsights_skip_tracking":false,"_monsterinsights_sitenote_active":false,"_monsterinsights_sitenote_note":"","_monsterinsights_sitenote_category":0,"footnotes":""},"categories":[3524],"tags":[],"class_list":["post-32741","post","type-post","status-publish","format-standard","has-post-thumbnail","hentry","category-noticas"],"aioseo_notices":[],"_links":{"self":[{"href":"https:\/\/elcronistadigital.com\/index.php?rest_route=\/wp\/v2\/posts\/32741","targetHints":{"allow":["GET"]}}],"collection":[{"href":"https:\/\/elcronistadigital.com\/index.php?rest_route=\/wp\/v2\/posts"}],"about":[{"href":"https:\/\/elcronistadigital.com\/index.php?rest_route=\/wp\/v2\/types\/post"}],"author":[{"embeddable":true,"href":"https:\/\/elcronistadigital.com\/index.php?rest_route=\/wp\/v2\/users\/1"}],"replies":[{"embeddable":true,"href":"https:\/\/elcronistadigital.com\/index.php?rest_route=%2Fwp%2Fv2%2Fcomments&post=32741"}],"version-history":[{"count":1,"href":"https:\/\/elcronistadigital.com\/index.php?rest_route=\/wp\/v2\/posts\/32741\/revisions"}],"predecessor-version":[{"id":32743,"href":"https:\/\/elcronistadigital.com\/index.php?rest_route=\/wp\/v2\/posts\/32741\/revisions\/32743"}],"wp:featuredmedia":[{"embeddable":true,"href":"https:\/\/elcronistadigital.com\/index.php?rest_route=\/wp\/v2\/media\/32742"}],"wp:attachment":[{"href":"https:\/\/elcronistadigital.com\/index.php?rest_route=%2Fwp%2Fv2%2Fmedia&parent=32741"}],"wp:term":[{"taxonomy":"category","embeddable":true,"href":"https:\/\/elcronistadigital.com\/index.php?rest_route=%2Fwp%2Fv2%2Fcategories&post=32741"},{"taxonomy":"post_tag","embeddable":true,"href":"https:\/\/elcronistadigital.com\/index.php?rest_route=%2Fwp%2Fv2%2Ftags&post=32741"}],"curies":[{"name":"wp","href":"https:\/\/api.w.org\/{rel}","templated":true}]}}