{"id":32744,"date":"2014-06-16T06:28:52","date_gmt":"2014-06-16T12:28:52","guid":{"rendered":"http:\/\/elcronistadigital.com\/?p=32744"},"modified":"2014-06-16T06:28:52","modified_gmt":"2014-06-16T12:28:52","slug":"candidato-de-uribe-reconoce-derrota","status":"publish","type":"post","link":"https:\/\/elcronistadigital.com\/?p=32744","title":{"rendered":"Candidato de Uribe reconoce derrota"},"content":{"rendered":"<p><a href=\"https:\/\/elcronistadigital.com\/?attachment_id=32745\" rel=\"attachment wp-att-32745\"><img loading=\"lazy\" decoding=\"async\" class=\"alignleft size-full wp-image-32745\" alt=\"zuluaga\" src=\"https:\/\/elcronistadigital.com\/wp-content\/uploads\/2014\/06\/zuluaga.jpg\" width=\"282\" height=\"179\" \/><\/a>El candidato del movimiento uribista Centro Democr\u00e1tico, \u00d3scar Ivan Zuluaga, reconoci\u00f3 su derrota en la segunda vuelta de las elecciones presidenciales y felicit\u00f3 al ganador, el actual mandatario, Juan Manuel Santos.<\/p>\n<p>\u00abDebo hacerlo, por convicci\u00f3n democr\u00e1tica en primer lugar, felicitar al presidente Santos por su triunfo\u00bb, dijo Zuluaga a sus seguidores en un centro de convenciones de Bogot\u00e1, seg\u00fan consign\u00f3 Efe.<\/p>\n<p>\u00abEn mi coraz\u00f3n no quedan odios ni rencores\u00bb, afirm\u00f3 el candidato, quien asegur\u00f3 que despu\u00e9s de esta aventura electoral seguir\u00e1 \u00absiendo el hijo de la provincia que los quiere mucho\u00bb.<\/p>\n<p>El candidato uribista apunt\u00f3 que su movimiento perdi\u00f3 \u00abcon altura y con entereza\u00bb y que eso se debe a los cerca de siete millones de votos que recibi\u00f3, por lo cual asegur\u00f3: \u00abaqu\u00ed seguimos en esta lucha pol\u00edtica por nuestro pa\u00eds\u00bb.<\/p>\n<p>\u00abSiete millones de colombianos cuya voz tendr\u00e1 que ser escuchada por el nuevo Gobierno\u00bb, subray\u00f3.<\/p>\n<p>\u00abMe siento muy orgulloso de haber sido el candidato del uribismo a la Presidencia de Colombia\u00bb, remarc\u00f3 Zuluaga despu\u00e9s de expresar su \u00abinfinita gratitud\u00bb al expresidente \u00c1lvaro Uribe (2002-2010), su padrino pol\u00edtico, \u00abpor esa lecci\u00f3n de compromiso y amor\u00bb por el pa\u00eds.<\/p>\n<p>Seg\u00fan dijo, su esfuerzo no termina con esta derrota, pues \u00abma\u00f1ana ser\u00e1 otro d\u00eda\u00bb y el Centro Democr\u00e1tico seguir\u00e1 luchando para cumplir las promesas que hizo al electorado.<\/p>\n<p>\u00abEn la pol\u00edtica las personas somos un accidente, lo importante es que queden las instituciones, que se valorice la democracia, que los partidos tengan canales de expresi\u00f3n\u00bb, agreg\u00f3.<\/p>\n<p>El excandidato estuvo acompa\u00f1ado, entre otros, por su esposa Martha Ligia Mart\u00ednez, su compa\u00f1ero de f\u00f3rmula a la Vicepresidencia, Carlos Holmes Trujillo, y su jefa de debate, la excandidata conservadora Marta Luc\u00eda Ram\u00edrez.<\/p>\n<p>Zuluaga fue recibido con una ovaci\u00f3n por sus seguidores y gritos de \u00abZuluaga, Zuluaga\u00bb y \u00abNo m\u00e1s FARC, no m\u00e1s FARC\u00bb, en alusi\u00f3n al grupo guerrillero con el que el Gobierno negocia la paz.<\/p>\n","protected":false},"excerpt":{"rendered":"<p>El candidato del movimiento uribista Centro Democr\u00e1tico, \u00d3scar Ivan Zuluaga, reconoci\u00f3 su derrota en la segunda vuelta de las elecciones presidenciales y felicit\u00f3 al ganador, el actual mandatario, Juan Manuel Santos. \u00abDebo hacerlo, por convicci\u00f3n democr\u00e1tica en primer lugar, felicitar al presidente Santos por su triunfo\u00bb, dijo Zuluaga a sus seguidores en un centro de [&hellip;]<\/p>\n","protected":false},"author":1,"featured_media":32745,"comment_status":"open","ping_status":"open","sticky":false,"template":"","format":"standard","meta":{"om_disable_all_campaigns":false,"_monsterinsights_skip_tracking":false,"_monsterinsights_sitenote_active":false,"_monsterinsights_sitenote_note":"","_monsterinsights_sitenote_category":0,"footnotes":""},"categories":[3524],"tags":[],"class_list":["post-32744","post","type-post","status-publish","format-standard","has-post-thumbnail","hentry","category-noticas"],"aioseo_notices":[],"_links":{"self":[{"href":"https:\/\/elcronistadigital.com\/index.php?rest_route=\/wp\/v2\/posts\/32744","targetHints":{"allow":["GET"]}}],"collection":[{"href":"https:\/\/elcronistadigital.com\/index.php?rest_route=\/wp\/v2\/posts"}],"about":[{"href":"https:\/\/elcronistadigital.com\/index.php?rest_route=\/wp\/v2\/types\/post"}],"author":[{"embeddable":true,"href":"https:\/\/elcronistadigital.com\/index.php?rest_route=\/wp\/v2\/users\/1"}],"replies":[{"embeddable":true,"href":"https:\/\/elcronistadigital.com\/index.php?rest_route=%2Fwp%2Fv2%2Fcomments&post=32744"}],"version-history":[{"count":1,"href":"https:\/\/elcronistadigital.com\/index.php?rest_route=\/wp\/v2\/posts\/32744\/revisions"}],"predecessor-version":[{"id":32746,"href":"https:\/\/elcronistadigital.com\/index.php?rest_route=\/wp\/v2\/posts\/32744\/revisions\/32746"}],"wp:featuredmedia":[{"embeddable":true,"href":"https:\/\/elcronistadigital.com\/index.php?rest_route=\/wp\/v2\/media\/32745"}],"wp:attachment":[{"href":"https:\/\/elcronistadigital.com\/index.php?rest_route=%2Fwp%2Fv2%2Fmedia&parent=32744"}],"wp:term":[{"taxonomy":"category","embeddable":true,"href":"https:\/\/elcronistadigital.com\/index.php?rest_route=%2Fwp%2Fv2%2Fcategories&post=32744"},{"taxonomy":"post_tag","embeddable":true,"href":"https:\/\/elcronistadigital.com\/index.php?rest_route=%2Fwp%2Fv2%2Ftags&post=32744"}],"curies":[{"name":"wp","href":"https:\/\/api.w.org\/{rel}","templated":true}]}}