{"id":32750,"date":"2014-06-16T07:02:30","date_gmt":"2014-06-16T13:02:30","guid":{"rendered":"http:\/\/elcronistadigital.com\/?p=32750"},"modified":"2014-06-16T07:02:30","modified_gmt":"2014-06-16T13:02:30","slug":"temor-por-hato-ganadero-debido-a-sequia","status":"publish","type":"post","link":"https:\/\/elcronistadigital.com\/?p=32750","title":{"rendered":"Temor por hato ganadero debido a sequ\u00eda"},"content":{"rendered":"<p><a href=\"https:\/\/elcronistadigital.com\/?attachment_id=32751\" rel=\"attachment wp-att-32751\"><img loading=\"lazy\" decoding=\"async\" class=\"alignleft size-full wp-image-32751\" alt=\"ganado nica\" src=\"https:\/\/elcronistadigital.com\/wp-content\/uploads\/2014\/06\/ganado-nica.jpg\" width=\"500\" height=\"261\" srcset=\"https:\/\/elcronistadigital.com\/wp-content\/uploads\/2014\/06\/ganado-nica.jpg 500w, https:\/\/elcronistadigital.com\/wp-content\/uploads\/2014\/06\/ganado-nica-300x156.jpg 300w, https:\/\/elcronistadigital.com\/wp-content\/uploads\/2014\/06\/ganado-nica-342x178.jpg 342w\" sizes=\"auto, (max-width: 500px) 100vw, 500px\" \/><\/a>El gobierno y ganaderos de Nicaragua buscar\u00e1n formas de enfrentar los primeros estragos de la sequ\u00eda en la regi\u00f3n del Pac\u00edfico, ligada al fen\u00f3meno de \u00abEl Ni\u00f1o\u00bb, que amenaza con agudizarse, seg\u00fan el Instituto Nicarag\u00fcense de Estudios Territoriales (Ineter).<\/p>\n<p>En declaraciones a una televisora local, el presidente de la Uni\u00f3n Nacional de Agricultores y Ganaderos (UNAG), \u00c1lvaro Fiallos, reconoci\u00f3 que se enfrenta una escasez de lluvias en algunas provincias del Pac\u00edfico, que afectan la actividad ganadera y que se prev\u00e9 recrudezca en julio.<\/p>\n<p>Fiallos dijo de hecho que hay \u00abgraves riesgos\u00bb de supervivencia para el sector ganadero, difundi\u00f3 el domingo la televisora local.<\/p>\n<p>En tanto, Ariel Cajina, directivo de la C\u00e1mara Nicarag\u00fcense del Sector L\u00e1cteo (Canislac), dijo que la situaci\u00f3n de la ganader\u00eda en la regi\u00f3n del Pac\u00edfico, \u00abes preocupante\u00bb y urge tomar medidas para \u00abretener\u00bb el ganado y evitar que muera por falta de alimentos y agua.<\/p>\n<p>Cajina asegur\u00f3 que algunos miembros del sector ganadero analizan la posibilidad de trasladar miles de cabezas de ganado bovino hacia zonas donde las lluvias se mantienen con relativa normalidad.<\/p>\n<p>Sin embargo, para la Federaci\u00f3n de Asociaciones Ganaderas de Nicaragua (Faganic) la opci\u00f3n del traslado del ganado no es viable para peque\u00f1os productores del Pac\u00edfico, por razones financieras.<\/p>\n<p>Salvador Castillo, directivo de Faganic, en declaraciones a periodistas alert\u00f3 sobre la eventual insuficiencia de alimentos para abastecer a la totalidad del hato ganadero.<\/p>\n<p>Castillo asegur\u00f3 que a la ganader\u00eda nicarag\u00fcense le urge financiamiento bancario para instalar sistemas de riego en zonas del corredor seco del Pac\u00edfico, para evitar el sacrificio de miles de cabezas de cabezas de ganado.<\/p>\n","protected":false},"excerpt":{"rendered":"<p>El gobierno y ganaderos de Nicaragua buscar\u00e1n formas de enfrentar los primeros estragos de la sequ\u00eda en la regi\u00f3n del Pac\u00edfico, ligada al fen\u00f3meno de \u00abEl Ni\u00f1o\u00bb, que amenaza con agudizarse, seg\u00fan el Instituto Nicarag\u00fcense de Estudios Territoriales (Ineter). En declaraciones a una televisora local, el presidente de la Uni\u00f3n Nacional de Agricultores y Ganaderos [&hellip;]<\/p>\n","protected":false},"author":1,"featured_media":32751,"comment_status":"open","ping_status":"open","sticky":false,"template":"","format":"standard","meta":{"om_disable_all_campaigns":false,"_monsterinsights_skip_tracking":false,"_monsterinsights_sitenote_active":false,"_monsterinsights_sitenote_note":"","_monsterinsights_sitenote_category":0,"footnotes":""},"categories":[3,4],"tags":[],"class_list":["post-32750","post","type-post","status-publish","format-standard","has-post-thumbnail","hentry","category-nacionales","category-economia"],"aioseo_notices":[],"_links":{"self":[{"href":"https:\/\/elcronistadigital.com\/index.php?rest_route=\/wp\/v2\/posts\/32750","targetHints":{"allow":["GET"]}}],"collection":[{"href":"https:\/\/elcronistadigital.com\/index.php?rest_route=\/wp\/v2\/posts"}],"about":[{"href":"https:\/\/elcronistadigital.com\/index.php?rest_route=\/wp\/v2\/types\/post"}],"author":[{"embeddable":true,"href":"https:\/\/elcronistadigital.com\/index.php?rest_route=\/wp\/v2\/users\/1"}],"replies":[{"embeddable":true,"href":"https:\/\/elcronistadigital.com\/index.php?rest_route=%2Fwp%2Fv2%2Fcomments&post=32750"}],"version-history":[{"count":1,"href":"https:\/\/elcronistadigital.com\/index.php?rest_route=\/wp\/v2\/posts\/32750\/revisions"}],"predecessor-version":[{"id":32752,"href":"https:\/\/elcronistadigital.com\/index.php?rest_route=\/wp\/v2\/posts\/32750\/revisions\/32752"}],"wp:featuredmedia":[{"embeddable":true,"href":"https:\/\/elcronistadigital.com\/index.php?rest_route=\/wp\/v2\/media\/32751"}],"wp:attachment":[{"href":"https:\/\/elcronistadigital.com\/index.php?rest_route=%2Fwp%2Fv2%2Fmedia&parent=32750"}],"wp:term":[{"taxonomy":"category","embeddable":true,"href":"https:\/\/elcronistadigital.com\/index.php?rest_route=%2Fwp%2Fv2%2Fcategories&post=32750"},{"taxonomy":"post_tag","embeddable":true,"href":"https:\/\/elcronistadigital.com\/index.php?rest_route=%2Fwp%2Fv2%2Ftags&post=32750"}],"curies":[{"name":"wp","href":"https:\/\/api.w.org\/{rel}","templated":true}]}}