{"id":32759,"date":"2014-06-16T09:31:29","date_gmt":"2014-06-16T15:31:29","guid":{"rendered":"http:\/\/elcronistadigital.com\/?p=32759"},"modified":"2014-06-16T09:31:29","modified_gmt":"2014-06-16T15:31:29","slug":"miedo-del-narco-que-provoco-pleito-fronterizo-con-costa-rica","status":"publish","type":"post","link":"https:\/\/elcronistadigital.com\/?p=32759","title":{"rendered":"Miedo del narco que provoc\u00f3 pleito fronterizo con Costa Rica"},"content":{"rendered":"<div id=\"attachment_32760\" style=\"width: 310px\" class=\"wp-caption alignleft\"><a href=\"https:\/\/elcronistadigital.com\/?attachment_id=32760\" rel=\"attachment wp-att-32760\"><img loading=\"lazy\" decoding=\"async\" aria-describedby=\"caption-attachment-32760\" class=\"size-medium wp-image-32760\" alt=\"El narco Agust\u00edn Reyes Arag\u00f3n alias \u201cTarz\u00e1n&quot; fue fotografiado de espaldas. \u00bfDe qu\u00e9 lo protegen?\" src=\"https:\/\/elcronistadigital.com\/wp-content\/uploads\/2014\/06\/Agust\u00edn-Reyes-Arag\u00f3n-alias-\u201cTarz\u00e1n-300x231.jpg\" width=\"300\" height=\"231\" srcset=\"https:\/\/elcronistadigital.com\/wp-content\/uploads\/2014\/06\/Agust\u00edn-Reyes-Arag\u00f3n-alias-\u201cTarz\u00e1n-300x231.jpg 300w, https:\/\/elcronistadigital.com\/wp-content\/uploads\/2014\/06\/Agust\u00edn-Reyes-Arag\u00f3n-alias-\u201cTarz\u00e1n-342x263.jpg 342w, https:\/\/elcronistadigital.com\/wp-content\/uploads\/2014\/06\/Agust\u00edn-Reyes-Arag\u00f3n-alias-\u201cTarz\u00e1n-60x45.jpg 60w, https:\/\/elcronistadigital.com\/wp-content\/uploads\/2014\/06\/Agust\u00edn-Reyes-Arag\u00f3n-alias-\u201cTarz\u00e1n.jpg 600w\" sizes=\"auto, (max-width: 300px) 100vw, 300px\" \/><\/a><p id=\"caption-attachment-32760\" class=\"wp-caption-text\">El narco Agust\u00edn Reyes Arag\u00f3n alias \u201cTarz\u00e1n\u00bb fue fotografiado de espaldas. \u00bfDe qu\u00e9 lo protegen?<\/p><\/div>\n<p>El narcotraficante nicarag\u00fcense Agust\u00edn Reyes Arag\u00f3n alias \u201cTarz\u00e1n\u201d, capturado en Costa Rica el jueves pasado con 600 kilos de coca\u00edna y dos fusiles de guerra, se hizo la v\u00edctima de las autoridades nicarag\u00fcenses y estall\u00f3 en llanto pidiendo no ser deportado porque su vida corr\u00eda peligro.<\/p>\n<p>Diario Extra del pa\u00eds vecino, se\u00f1al\u00f3 que el jefe de la banda \u201cLos Tarzanes\u201d, compuesta principalmente por familiares del narco detenido, se\u00f1al\u00f3 a Ed\u00e9n Pastora, \u201dComandante Cero\u201d, como la persona que desea eliminarlo y hasta habr\u00eda pagado dos millones de colones a varios sicarios.<\/p>\n<p>La familia Reyes Arag\u00f3n, y principalmente el apodado \u201cTarz\u00e1n\u201d, inici\u00f3 el conflicto fronterizo con Costa Rica en el sector de Harbor Head tras un allanamiento que hizo el Ej\u00e9rcito de Nicaragua a su finca en busca de coca\u00edna y armas.<\/p>\n<p>La respuesta de los Reyes Arag\u00f3n fue decir que su propiedad estaba ubicada en Costa Rica, lo que dio p\u00e1bulo a las autoridades del pa\u00eds vecino para que denunciaran una supuesta invasi\u00f3n de Nicaragua a su territorio.<\/p>\n<p>Tras el esc\u00e1ndalo que se arm\u00f3, \u201cLos Tarzanes\u201d o familia Reyes Arag\u00f3n se trasladaron a Costa Rica, donde fueron acogidos en Lim\u00f3n, Pococ\u00ed. Agust\u00edn sigui\u00f3 utilizando los canales de lo que Costa Rica sigue llamando Isla Calero, para introducir droga en nuestra vecina del sur.<\/p>\n<p>\u201cDe acuerdo con la informaci\u00f3n que trascendi\u00f3 de forma confidencial, Agust\u00edn Reyes Arag\u00f3n, l\u00edder de los \u201cTarzanes\u201d, es pieza clave en el caso de Isla Calero que se disputa entre Costa Rica y Nicaragua, pues hab\u00eda sido el narcotraficante quien denunci\u00f3 todas las anomal\u00edas ante autoridades ticas y pinoleras.<\/p>\n<p>\u201cLo curioso es que para el a\u00f1o en que el caso Calero explot\u00f3 a nivel internacional, la familia Reyes Arag\u00f3n emigr\u00f3 de Nicaragua a Costa Rica, pero solo Agust\u00edn se qued\u00f3 en la frontera como transportista del narco, mientras que sus hermanos se instalaron en Lim\u00f3n, en Pococ\u00ed\u201d, se\u00f1ala el diario costarricense.<\/p>\n<p>Datos del departamento de Migraci\u00f3n y Extranjer\u00eda de Costa Rica se\u00f1alan que dos de los hermanos Reyes Arag\u00f3n tienen residencia costarricense desde hace varios a\u00f1os, y a uno de ellos se le vence el tiempo de renovaci\u00f3n en 2015.<\/p>\n<p>Las autoridades del OIJ de Lim\u00f3n se adjudicaron hace un a\u00f1o la detenci\u00f3n de otro de los capos de Nicaragua, Miguel Re\u00f1azco Padilla, jefe del cartel \u201cLos Re\u00f1azcos\u201d, un aliado de \u201cLos Tarzanes\u201d e implicado en el asesinato de cuatro polic\u00edas en Bluefuelds en mayo de 2004.<\/p>\n","protected":false},"excerpt":{"rendered":"<p>El narcotraficante nicarag\u00fcense Agust\u00edn Reyes Arag\u00f3n alias \u201cTarz\u00e1n\u201d, capturado en Costa Rica el jueves pasado con 600 kilos de coca\u00edna y dos fusiles de guerra, se hizo la v\u00edctima de las autoridades nicarag\u00fcenses y estall\u00f3 en llanto pidiendo no ser deportado porque su vida corr\u00eda peligro. Diario Extra del pa\u00eds vecino, se\u00f1al\u00f3 que el jefe [&hellip;]<\/p>\n","protected":false},"author":1,"featured_media":32760,"comment_status":"open","ping_status":"open","sticky":false,"template":"","format":"standard","meta":{"om_disable_all_campaigns":false,"_monsterinsights_skip_tracking":false,"_monsterinsights_sitenote_active":false,"_monsterinsights_sitenote_note":"","_monsterinsights_sitenote_category":0,"footnotes":""},"categories":[3524,13],"tags":[],"class_list":["post-32759","post","type-post","status-publish","format-standard","has-post-thumbnail","hentry","category-noticas","category-portada"],"aioseo_notices":[],"_links":{"self":[{"href":"https:\/\/elcronistadigital.com\/index.php?rest_route=\/wp\/v2\/posts\/32759","targetHints":{"allow":["GET"]}}],"collection":[{"href":"https:\/\/elcronistadigital.com\/index.php?rest_route=\/wp\/v2\/posts"}],"about":[{"href":"https:\/\/elcronistadigital.com\/index.php?rest_route=\/wp\/v2\/types\/post"}],"author":[{"embeddable":true,"href":"https:\/\/elcronistadigital.com\/index.php?rest_route=\/wp\/v2\/users\/1"}],"replies":[{"embeddable":true,"href":"https:\/\/elcronistadigital.com\/index.php?rest_route=%2Fwp%2Fv2%2Fcomments&post=32759"}],"version-history":[{"count":1,"href":"https:\/\/elcronistadigital.com\/index.php?rest_route=\/wp\/v2\/posts\/32759\/revisions"}],"predecessor-version":[{"id":32761,"href":"https:\/\/elcronistadigital.com\/index.php?rest_route=\/wp\/v2\/posts\/32759\/revisions\/32761"}],"wp:featuredmedia":[{"embeddable":true,"href":"https:\/\/elcronistadigital.com\/index.php?rest_route=\/wp\/v2\/media\/32760"}],"wp:attachment":[{"href":"https:\/\/elcronistadigital.com\/index.php?rest_route=%2Fwp%2Fv2%2Fmedia&parent=32759"}],"wp:term":[{"taxonomy":"category","embeddable":true,"href":"https:\/\/elcronistadigital.com\/index.php?rest_route=%2Fwp%2Fv2%2Fcategories&post=32759"},{"taxonomy":"post_tag","embeddable":true,"href":"https:\/\/elcronistadigital.com\/index.php?rest_route=%2Fwp%2Fv2%2Ftags&post=32759"}],"curies":[{"name":"wp","href":"https:\/\/api.w.org\/{rel}","templated":true}]}}