{"id":32762,"date":"2014-06-17T05:54:50","date_gmt":"2014-06-17T11:54:50","guid":{"rendered":"http:\/\/elcronistadigital.com\/?p=32762"},"modified":"2014-06-17T05:54:50","modified_gmt":"2014-06-17T11:54:50","slug":"richter-6-en-territorio-que-nos-devolvio-la-haya","status":"publish","type":"post","link":"https:\/\/elcronistadigital.com\/?p=32762","title":{"rendered":"Richter 6 en territorio que nos devolvi\u00f3 La Haya"},"content":{"rendered":"<p><a href=\"https:\/\/elcronistadigital.com\/?attachment_id=32764\" rel=\"attachment wp-att-32764\"><img loading=\"lazy\" decoding=\"async\" class=\"alignleft size-medium wp-image-32764\" alt=\"Sismo 6\" src=\"https:\/\/elcronistadigital.com\/wp-content\/uploads\/2014\/06\/Sismo-61-300x208.jpg\" width=\"300\" height=\"208\" srcset=\"https:\/\/elcronistadigital.com\/wp-content\/uploads\/2014\/06\/Sismo-61-300x208.jpg 300w, https:\/\/elcronistadigital.com\/wp-content\/uploads\/2014\/06\/Sismo-61-342x238.jpg 342w, https:\/\/elcronistadigital.com\/wp-content\/uploads\/2014\/06\/Sismo-61.jpg 603w\" sizes=\"auto, (max-width: 300px) 100vw, 300px\" \/><\/a>Un sismo de magnitud 6 en la escala abierta de Richter se registr\u00f3 el lunes en los espacios mar\u00edtimos nicarag\u00fcenses delimitados por la Corte Internacional de Justicia (CIJ) con Colombia en el Caribe, sin causar v\u00edctimas ni da\u00f1os materiales, informaron fuentes oficiales.<\/p>\n<p>El temblor se registr\u00f3 a las 07.26 hora local (13.26 GMT) y su epicentro se localiz\u00f3 en alta mar a 15 kil\u00f3metros bajo tierra y a una distancia de 380 kil\u00f3metros del litoral Caribe nicarag\u00fcense, detall\u00f3 el Instituto Nicarag\u00fcense de Estudios Territoriales (Ineter) en un comunicado.<\/p>\n<p>El Ineter clasific\u00f3 el movimiento tel\u00farico como \u201clejano\u201d y no especific\u00f3 las causas del mismo.<\/p>\n<p>Las autoridades nicarag\u00fcenses no reportaron da\u00f1os ni v\u00edctimas.<\/p>\n<p>Hasta noviembre de 2012 Nicaragua no reportaba sismos ocurridos m\u00e1s all\u00e1 del meridiano 82, que Colombia consideraba como el l\u00edmite entre ambos en el mar Caribe.<\/p>\n<p>En noviembre de 2012, la CIJ defini\u00f3 los l\u00edmites mar\u00edtimos de Nicaragua y Colombia en el Caribe, dejando bajo soberan\u00eda colombiana siete cayos del archipi\u00e9lago de San Andr\u00e9s, cuyas islas mayores ya se hab\u00edan concedido a Bogot\u00e1 en 2007.<\/p>\n<p>A Nicaragua le otorg\u00f3 una franja marina en esa zona que Colombia calcula en unos 75,000 kil\u00f3metros cuadrados y el pa\u00eds centroamericano estima en m\u00e1s de 90,000 kil\u00f3metros cuadrados.<\/p>\n","protected":false},"excerpt":{"rendered":"<p>Un sismo de magnitud 6 en la escala abierta de Richter se registr\u00f3 el lunes en los espacios mar\u00edtimos nicarag\u00fcenses delimitados por la Corte Internacional de Justicia (CIJ) con Colombia en el Caribe, sin causar v\u00edctimas ni da\u00f1os materiales, informaron fuentes oficiales. El temblor se registr\u00f3 a las 07.26 hora local (13.26 GMT) y su [&hellip;]<\/p>\n","protected":false},"author":1,"featured_media":32764,"comment_status":"open","ping_status":"open","sticky":false,"template":"","format":"standard","meta":{"om_disable_all_campaigns":false,"_monsterinsights_skip_tracking":false,"_monsterinsights_sitenote_active":false,"_monsterinsights_sitenote_note":"","_monsterinsights_sitenote_category":0,"footnotes":""},"categories":[3524,13],"tags":[],"class_list":["post-32762","post","type-post","status-publish","format-standard","has-post-thumbnail","hentry","category-noticas","category-portada"],"aioseo_notices":[],"_links":{"self":[{"href":"https:\/\/elcronistadigital.com\/index.php?rest_route=\/wp\/v2\/posts\/32762","targetHints":{"allow":["GET"]}}],"collection":[{"href":"https:\/\/elcronistadigital.com\/index.php?rest_route=\/wp\/v2\/posts"}],"about":[{"href":"https:\/\/elcronistadigital.com\/index.php?rest_route=\/wp\/v2\/types\/post"}],"author":[{"embeddable":true,"href":"https:\/\/elcronistadigital.com\/index.php?rest_route=\/wp\/v2\/users\/1"}],"replies":[{"embeddable":true,"href":"https:\/\/elcronistadigital.com\/index.php?rest_route=%2Fwp%2Fv2%2Fcomments&post=32762"}],"version-history":[{"count":1,"href":"https:\/\/elcronistadigital.com\/index.php?rest_route=\/wp\/v2\/posts\/32762\/revisions"}],"predecessor-version":[{"id":32765,"href":"https:\/\/elcronistadigital.com\/index.php?rest_route=\/wp\/v2\/posts\/32762\/revisions\/32765"}],"wp:featuredmedia":[{"embeddable":true,"href":"https:\/\/elcronistadigital.com\/index.php?rest_route=\/wp\/v2\/media\/32764"}],"wp:attachment":[{"href":"https:\/\/elcronistadigital.com\/index.php?rest_route=%2Fwp%2Fv2%2Fmedia&parent=32762"}],"wp:term":[{"taxonomy":"category","embeddable":true,"href":"https:\/\/elcronistadigital.com\/index.php?rest_route=%2Fwp%2Fv2%2Fcategories&post=32762"},{"taxonomy":"post_tag","embeddable":true,"href":"https:\/\/elcronistadigital.com\/index.php?rest_route=%2Fwp%2Fv2%2Ftags&post=32762"}],"curies":[{"name":"wp","href":"https:\/\/api.w.org\/{rel}","templated":true}]}}