{"id":32766,"date":"2014-06-17T06:06:56","date_gmt":"2014-06-17T12:06:56","guid":{"rendered":"http:\/\/elcronistadigital.com\/?p=32766"},"modified":"2014-06-17T06:06:56","modified_gmt":"2014-06-17T12:06:56","slug":"peligra-cultivo-de-arroz-en-malacatoya","status":"publish","type":"post","link":"https:\/\/elcronistadigital.com\/?p=32766","title":{"rendered":"Peligra cultivo de arroz en Malacatoya"},"content":{"rendered":"<p><a href=\"https:\/\/elcronistadigital.com\/?attachment_id=32767\" rel=\"attachment wp-att-32767\"><img loading=\"lazy\" decoding=\"async\" class=\"alignleft size-full wp-image-32767\" alt=\"arroz peligra\" src=\"https:\/\/elcronistadigital.com\/wp-content\/uploads\/2014\/06\/arroz-peligra.jpg\" width=\"290\" height=\"173\" \/><\/a>Los productores de arroz en Malacatoya, en Granada, est\u00e1n preocupados por la falta de provisi\u00f3n de agua, ya que el diez de julio est\u00e1 proyectada la primera siembra importante del grano.<\/p>\n<p>Debido a las sequ\u00edas provocadas por el fen\u00f3meno clim\u00e1tico de \u201cEl Ni\u00f1o\u201d, varios productores tuvieron que recurrir a otras fuentes del recurso. Los r\u00edos y pozos fueron los lugares comunes donde se busc\u00f3 el agua para solucionar los problemas.<\/p>\n<p>El miedo se instala en las voces de los productores porque tienen temor de que la sequ\u00eda contin\u00fae para la fecha estimada de comienzo de la siembra. Seg\u00fan estudios clim\u00e1ticos, para el diez de julio ya no existir\u00eda \u00e9sta complicaci\u00f3n; pero a pesar del estudio cient\u00edfico, los agricultores se mantienen tensos, ya que un atraso o una mala plantaci\u00f3n de la cosecha provocar\u00edan muchas p\u00e9rdidas econ\u00f3micas.<\/p>\n","protected":false},"excerpt":{"rendered":"<p>Los productores de arroz en Malacatoya, en Granada, est\u00e1n preocupados por la falta de provisi\u00f3n de agua, ya que el diez de julio est\u00e1 proyectada la primera siembra importante del grano. Debido a las sequ\u00edas provocadas por el fen\u00f3meno clim\u00e1tico de \u201cEl Ni\u00f1o\u201d, varios productores tuvieron que recurrir a otras fuentes del recurso. Los r\u00edos [&hellip;]<\/p>\n","protected":false},"author":1,"featured_media":32767,"comment_status":"open","ping_status":"open","sticky":false,"template":"","format":"standard","meta":{"om_disable_all_campaigns":false,"_monsterinsights_skip_tracking":false,"_monsterinsights_sitenote_active":false,"_monsterinsights_sitenote_note":"","_monsterinsights_sitenote_category":0,"footnotes":""},"categories":[3],"tags":[],"class_list":["post-32766","post","type-post","status-publish","format-standard","has-post-thumbnail","hentry","category-nacionales"],"aioseo_notices":[],"_links":{"self":[{"href":"https:\/\/elcronistadigital.com\/index.php?rest_route=\/wp\/v2\/posts\/32766","targetHints":{"allow":["GET"]}}],"collection":[{"href":"https:\/\/elcronistadigital.com\/index.php?rest_route=\/wp\/v2\/posts"}],"about":[{"href":"https:\/\/elcronistadigital.com\/index.php?rest_route=\/wp\/v2\/types\/post"}],"author":[{"embeddable":true,"href":"https:\/\/elcronistadigital.com\/index.php?rest_route=\/wp\/v2\/users\/1"}],"replies":[{"embeddable":true,"href":"https:\/\/elcronistadigital.com\/index.php?rest_route=%2Fwp%2Fv2%2Fcomments&post=32766"}],"version-history":[{"count":1,"href":"https:\/\/elcronistadigital.com\/index.php?rest_route=\/wp\/v2\/posts\/32766\/revisions"}],"predecessor-version":[{"id":32768,"href":"https:\/\/elcronistadigital.com\/index.php?rest_route=\/wp\/v2\/posts\/32766\/revisions\/32768"}],"wp:featuredmedia":[{"embeddable":true,"href":"https:\/\/elcronistadigital.com\/index.php?rest_route=\/wp\/v2\/media\/32767"}],"wp:attachment":[{"href":"https:\/\/elcronistadigital.com\/index.php?rest_route=%2Fwp%2Fv2%2Fmedia&parent=32766"}],"wp:term":[{"taxonomy":"category","embeddable":true,"href":"https:\/\/elcronistadigital.com\/index.php?rest_route=%2Fwp%2Fv2%2Fcategories&post=32766"},{"taxonomy":"post_tag","embeddable":true,"href":"https:\/\/elcronistadigital.com\/index.php?rest_route=%2Fwp%2Fv2%2Ftags&post=32766"}],"curies":[{"name":"wp","href":"https:\/\/api.w.org\/{rel}","templated":true}]}}