{"id":32769,"date":"2014-06-17T06:17:33","date_gmt":"2014-06-17T12:17:33","guid":{"rendered":"http:\/\/elcronistadigital.com\/?p=32769"},"modified":"2014-06-17T06:17:33","modified_gmt":"2014-06-17T12:17:33","slug":"santos-debe-cumplir-fallo-dice-diputado","status":"publish","type":"post","link":"https:\/\/elcronistadigital.com\/?p=32769","title":{"rendered":"\u201cSantos debe cumplir fallo\u201d, dice diputado"},"content":{"rendered":"<p><a href=\"https:\/\/elcronistadigital.com\/?attachment_id=32770\" rel=\"attachment wp-att-32770\"><img loading=\"lazy\" decoding=\"async\" class=\"alignleft size-medium wp-image-32770\" alt=\"nuevo mapa 2013\" src=\"https:\/\/elcronistadigital.com\/wp-content\/uploads\/2014\/06\/nuevo-mapa-2013-300x225.jpg\" width=\"300\" height=\"225\" srcset=\"https:\/\/elcronistadigital.com\/wp-content\/uploads\/2014\/06\/nuevo-mapa-2013-300x225.jpg 300w, https:\/\/elcronistadigital.com\/wp-content\/uploads\/2014\/06\/nuevo-mapa-2013-60x45.jpg 60w, https:\/\/elcronistadigital.com\/wp-content\/uploads\/2014\/06\/nuevo-mapa-2013-150x113.jpg 150w, https:\/\/elcronistadigital.com\/wp-content\/uploads\/2014\/06\/nuevo-mapa-2013-269x201.jpg 269w, https:\/\/elcronistadigital.com\/wp-content\/uploads\/2014\/06\/nuevo-mapa-2013.jpg 340w\" sizes=\"auto, (max-width: 300px) 100vw, 300px\" \/><\/a>Nicaragua espera que Juan Manuel Santos, reelegido el domingo a la presidencia de Colombia, cumpla con el fallo de la Corte Internacional de Justicia (CIJ) en favor del pa\u00eds, asever\u00f3 el subcoordinador del gobernante FSLN, Jos\u00e9 Figueroa.<\/p>\n<p>Los colombianos votaron por la \u201cpaz\u201d al reelegir a Santos, quien debe poner en pr\u00e1ctica la convicci\u00f3n mostrada en la jornada electoral, declar\u00f3 el legislador a la prensa en la sede de la Asamblea Nacional (\u00f3rgano Legislativo unicameral) de Nicaragua, inform\u00f3 la agencia Xinhua.<\/p>\n<p>El legislador del Frente Sandinista de Liberaci\u00f3n Nacional (FSLN) se\u00f1al\u00f3 en la ciudad de Managua que el resultado en las elecciones del vecino pa\u00eds debe traducirse en un esp\u00edritu de respeto para la sentencia emitida en 2012 por el \u00f3rgano con sede en La Haya, Holanda.<\/p>\n<p>\u201cEsta es una nueva oportunidad para que se demuestre amistad, acercamiento y buenas relaciones entre Colombia y Nicaragua\u201d, subray\u00f3.<\/p>\n<p>Santos fue reelecto para un per\u00edodo de otros cuatro a\u00f1os con casi el 51 por ciento de los votos y derrot\u00f3 a su rival opositor Oscar Zuluaga, quien obtuvo poco m\u00e1s del 45 por ciento en la segunda vuelta electoral.<\/p>\n<p>El 19 de noviembre de 2012, la CIJ emiti\u00f3 su fallo respecto al diferendo territorial entre los dos pa\u00edses, mediante el cual concedi\u00f3 a la naci\u00f3n centroamericana derechos sobre 200 millas (320 kil\u00f3metros) desde la costa como zona econ\u00f3mica exclusiva.<\/p>\n<p>El fallo concedi\u00f3 a Nicaragua dos cayos enclavados en su territorio caribe\u00f1o, con una \u00e1rea propia en el mar de 12 millas (19.2 kil\u00f3metros).<\/p>\n","protected":false},"excerpt":{"rendered":"<p>Nicaragua espera que Juan Manuel Santos, reelegido el domingo a la presidencia de Colombia, cumpla con el fallo de la Corte Internacional de Justicia (CIJ) en favor del pa\u00eds, asever\u00f3 el subcoordinador del gobernante FSLN, Jos\u00e9 Figueroa. Los colombianos votaron por la \u201cpaz\u201d al reelegir a Santos, quien debe poner en pr\u00e1ctica la convicci\u00f3n mostrada [&hellip;]<\/p>\n","protected":false},"author":1,"featured_media":32770,"comment_status":"open","ping_status":"open","sticky":false,"template":"","format":"standard","meta":{"om_disable_all_campaigns":false,"_monsterinsights_skip_tracking":false,"_monsterinsights_sitenote_active":false,"_monsterinsights_sitenote_note":"","_monsterinsights_sitenote_category":0,"footnotes":""},"categories":[3524],"tags":[],"class_list":["post-32769","post","type-post","status-publish","format-standard","has-post-thumbnail","hentry","category-noticas"],"aioseo_notices":[],"_links":{"self":[{"href":"https:\/\/elcronistadigital.com\/index.php?rest_route=\/wp\/v2\/posts\/32769","targetHints":{"allow":["GET"]}}],"collection":[{"href":"https:\/\/elcronistadigital.com\/index.php?rest_route=\/wp\/v2\/posts"}],"about":[{"href":"https:\/\/elcronistadigital.com\/index.php?rest_route=\/wp\/v2\/types\/post"}],"author":[{"embeddable":true,"href":"https:\/\/elcronistadigital.com\/index.php?rest_route=\/wp\/v2\/users\/1"}],"replies":[{"embeddable":true,"href":"https:\/\/elcronistadigital.com\/index.php?rest_route=%2Fwp%2Fv2%2Fcomments&post=32769"}],"version-history":[{"count":1,"href":"https:\/\/elcronistadigital.com\/index.php?rest_route=\/wp\/v2\/posts\/32769\/revisions"}],"predecessor-version":[{"id":32771,"href":"https:\/\/elcronistadigital.com\/index.php?rest_route=\/wp\/v2\/posts\/32769\/revisions\/32771"}],"wp:featuredmedia":[{"embeddable":true,"href":"https:\/\/elcronistadigital.com\/index.php?rest_route=\/wp\/v2\/media\/32770"}],"wp:attachment":[{"href":"https:\/\/elcronistadigital.com\/index.php?rest_route=%2Fwp%2Fv2%2Fmedia&parent=32769"}],"wp:term":[{"taxonomy":"category","embeddable":true,"href":"https:\/\/elcronistadigital.com\/index.php?rest_route=%2Fwp%2Fv2%2Fcategories&post=32769"},{"taxonomy":"post_tag","embeddable":true,"href":"https:\/\/elcronistadigital.com\/index.php?rest_route=%2Fwp%2Fv2%2Ftags&post=32769"}],"curies":[{"name":"wp","href":"https:\/\/api.w.org\/{rel}","templated":true}]}}