{"id":32775,"date":"2014-06-17T06:36:44","date_gmt":"2014-06-17T12:36:44","guid":{"rendered":"http:\/\/elcronistadigital.com\/?p=32775"},"modified":"2014-06-17T06:36:44","modified_gmt":"2014-06-17T12:36:44","slug":"nicaragua-busca-internacionalizar-empresas-locales","status":"publish","type":"post","link":"https:\/\/elcronistadigital.com\/?p=32775","title":{"rendered":"Nicaragua busca internacionalizar empresas locales"},"content":{"rendered":"<p><a href=\"https:\/\/elcronistadigital.com\/?attachment_id=32776\" rel=\"attachment wp-att-32776\"><img loading=\"lazy\" decoding=\"async\" class=\"alignleft size-full wp-image-32776\" alt=\"empresas int\" src=\"https:\/\/elcronistadigital.com\/wp-content\/uploads\/2014\/06\/empresas-int.jpg\" width=\"240\" height=\"210\" \/><\/a>El Gobierno de Nicaragua y la Uni\u00f3n Europea lanzaron un programa para apoyar a las compa\u00f1\u00edas locales a incrementar su competitividad para poder penetrar los mercados internacionales claves, seg\u00fan inform\u00f3 la revista Summa.<\/p>\n<p>Dentro del \u201cPrograma de Fortalecimiento de la Competitividad de las Empresas Nicarag\u00fcenses\u201d, el componente de promoci\u00f3n comercial se enfoca en difundir la oferta exportable del pa\u00eds al proveer el apoyo necesario a fin de que las empresas puedan prepararse adecuadamente para participar en eventos de comercio importantes en Europa o Centroam\u00e9rica.<\/p>\n<p>El componente de promoci\u00f3n comercial asistir\u00e1 a las compa\u00f1\u00edas con una serie de estudios, un an\u00e1lisis de mercado, una evaluaci\u00f3n de los eventos comerciales m\u00e1s apropiados, entrenamiento y capacitaci\u00f3n por un experto previo al evento, y apoyo log\u00edstico, incluyendo toda la organizaci\u00f3n y pagos necesarios para participar en el evento.<\/p>\n<p>Adicionalmente, el programa organizar\u00e1 una agenda de reuniones personalizadas durante su participaci\u00f3n en el evento para fomentar acuerdos de negocios.<\/p>\n<p>Actualmente, el programa est\u00e1 priorizando a compa\u00f1\u00edas de sectores como agronegocios, textil y confecci\u00f3n, muebles de madera, calzado de cuero, artesan\u00edas, y servicios. Sin embargo, no es exclusivamente para esos sectores, cualquier empresa que cumpla con los siguientes requerimientos puede formar parte de este programa: debe estar exportando o tener potencial de exportaci\u00f3n, debe estar legalmente establecida y operando en Nicaragua desde hace al menos un a\u00f1o, debe contar con las instalaciones de producci\u00f3n adecuadas, y debe ser capaz de cumplir con las obligaciones financieras del programa.<\/p>\n<p>El programa requiere un compromiso financiero de parte las empresas participantes, no obstante, gracias al financiamiento de la Uni\u00f3n Europea, la contribuci\u00f3n monetaria no excede el 25 por ciento del costo total, tomando en consideraci\u00f3n el tama\u00f1o de la empresa.<\/p>\n<p>El programa est\u00e1 siendo administrado por el Ministerio de Fomento, Industria y Comercio (MIFIC), y PRONicaragua, la agencia oficial de promoci\u00f3n de inversiones y exportaciones del pa\u00eds. Estas instituciones est\u00e1n actualmente construyendo un portafolio de las compa\u00f1\u00edas que estar\u00e1n sacando provecho del programa, del cual el primer grupo ya se encuentra participando en el Congreso Mundial del Cacao 2014 en \u00c1msterdam, los Pa\u00edses Bajos.<\/p>\n<p>Adicional a la promoci\u00f3n comercial en el exterior, el \u201cPrograma de Fortalecimiento de la Competitividad de las Empresas Nicarag\u00fcenses\u201d tambi\u00e9n apoya a empresas en el fortalecimiento de sus est\u00e1ndares de calidad, la responsabilidad ambiental, y sus planes de desarrollo empresarial.<\/p>\n","protected":false},"excerpt":{"rendered":"<p>El Gobierno de Nicaragua y la Uni\u00f3n Europea lanzaron un programa para apoyar a las compa\u00f1\u00edas locales a incrementar su competitividad para poder penetrar los mercados internacionales claves, seg\u00fan inform\u00f3 la revista Summa. Dentro del \u201cPrograma de Fortalecimiento de la Competitividad de las Empresas Nicarag\u00fcenses\u201d, el componente de promoci\u00f3n comercial se enfoca en difundir la [&hellip;]<\/p>\n","protected":false},"author":1,"featured_media":32776,"comment_status":"open","ping_status":"open","sticky":false,"template":"","format":"standard","meta":{"om_disable_all_campaigns":false,"_monsterinsights_skip_tracking":false,"_monsterinsights_sitenote_active":false,"_monsterinsights_sitenote_note":"","_monsterinsights_sitenote_category":0,"footnotes":""},"categories":[3,4],"tags":[],"class_list":["post-32775","post","type-post","status-publish","format-standard","has-post-thumbnail","hentry","category-nacionales","category-economia"],"aioseo_notices":[],"_links":{"self":[{"href":"https:\/\/elcronistadigital.com\/index.php?rest_route=\/wp\/v2\/posts\/32775","targetHints":{"allow":["GET"]}}],"collection":[{"href":"https:\/\/elcronistadigital.com\/index.php?rest_route=\/wp\/v2\/posts"}],"about":[{"href":"https:\/\/elcronistadigital.com\/index.php?rest_route=\/wp\/v2\/types\/post"}],"author":[{"embeddable":true,"href":"https:\/\/elcronistadigital.com\/index.php?rest_route=\/wp\/v2\/users\/1"}],"replies":[{"embeddable":true,"href":"https:\/\/elcronistadigital.com\/index.php?rest_route=%2Fwp%2Fv2%2Fcomments&post=32775"}],"version-history":[{"count":1,"href":"https:\/\/elcronistadigital.com\/index.php?rest_route=\/wp\/v2\/posts\/32775\/revisions"}],"predecessor-version":[{"id":32777,"href":"https:\/\/elcronistadigital.com\/index.php?rest_route=\/wp\/v2\/posts\/32775\/revisions\/32777"}],"wp:featuredmedia":[{"embeddable":true,"href":"https:\/\/elcronistadigital.com\/index.php?rest_route=\/wp\/v2\/media\/32776"}],"wp:attachment":[{"href":"https:\/\/elcronistadigital.com\/index.php?rest_route=%2Fwp%2Fv2%2Fmedia&parent=32775"}],"wp:term":[{"taxonomy":"category","embeddable":true,"href":"https:\/\/elcronistadigital.com\/index.php?rest_route=%2Fwp%2Fv2%2Fcategories&post=32775"},{"taxonomy":"post_tag","embeddable":true,"href":"https:\/\/elcronistadigital.com\/index.php?rest_route=%2Fwp%2Fv2%2Ftags&post=32775"}],"curies":[{"name":"wp","href":"https:\/\/api.w.org\/{rel}","templated":true}]}}