{"id":32778,"date":"2014-06-17T06:46:39","date_gmt":"2014-06-17T12:46:39","guid":{"rendered":"http:\/\/elcronistadigital.com\/?p=32778"},"modified":"2014-06-17T06:46:39","modified_gmt":"2014-06-17T12:46:39","slug":"escalofriante-escalada-en-muertes-por-accidentes","status":"publish","type":"post","link":"https:\/\/elcronistadigital.com\/?p=32778","title":{"rendered":"Escalofriante escalada en muertes por accidentes"},"content":{"rendered":"<p><a href=\"https:\/\/elcronistadigital.com\/?attachment_id=32779\" rel=\"attachment wp-att-32779\"><img loading=\"lazy\" decoding=\"async\" class=\"alignleft size-medium wp-image-32779\" alt=\"accident\" src=\"https:\/\/elcronistadigital.com\/wp-content\/uploads\/2014\/06\/accident-300x225.jpg\" width=\"300\" height=\"225\" srcset=\"https:\/\/elcronistadigital.com\/wp-content\/uploads\/2014\/06\/accident-300x225.jpg 300w, https:\/\/elcronistadigital.com\/wp-content\/uploads\/2014\/06\/accident-342x256.jpg 342w, https:\/\/elcronistadigital.com\/wp-content\/uploads\/2014\/06\/accident-60x45.jpg 60w, https:\/\/elcronistadigital.com\/wp-content\/uploads\/2014\/06\/accident-150x113.jpg 150w, https:\/\/elcronistadigital.com\/wp-content\/uploads\/2014\/06\/accident-269x201.jpg 269w, https:\/\/elcronistadigital.com\/wp-content\/uploads\/2014\/06\/accident.jpg 800w\" sizes=\"auto, (max-width: 300px) 100vw, 300px\" \/><\/a>El ritmo escalofriante de accidentes en las v\u00edas que lleva Nicaragua, podr\u00eda por primera vez este a\u00f1o llegar a la cifra r\u00e9cord de 700 muertos, dijo el lunes el jefe de Tr\u00e1nsito, comisionado mayor Roberto Gonz\u00e1lez.<\/p>\n<p>La cifra es la m\u00e1s alta para Nicaragua, que en 2013 hab\u00eda logrado bajar de 600 la cantidad de fallecidos en accidentes de tr\u00e1nsito, al establecerla en 577, seg\u00fan informa Efe.<\/p>\n<p>Solamente en la \u00faltima semana las muertes en las v\u00edas pasaron de 288 a 307, seg\u00fan los registros oficiales.<\/p>\n<p>Gonz\u00e1lez afirm\u00f3 que el promedio de fallecidos nunca lleg\u00f3 a dos personas por d\u00eda, hasta el presente a\u00f1o.<\/p>\n<p>\u201cPodr\u00eda haber 400 muertos m\u00e1s\u201d, dijo el jefe policial.<\/p>\n<p>La Polic\u00eda de Tr\u00e1nsito inform\u00f3 que, adem\u00e1s de continuar con una campa\u00f1a de comunicaci\u00f3n para informar sobre c\u00f3mo comportarse en las v\u00edas, est\u00e1 capacitando a conductores de transporte colectivo y selectivo (taxis), as\u00ed como a estudiantes de las escuelas.<\/p>\n<p>Gonz\u00e1lez dijo que tambi\u00e9n se est\u00e1 implementando el Plan Carretera, que consiste en colocar patrullas en las principales pistas de Nicaragua, para controlar el exceso de velocidad.<\/p>\n<p>El exceso de velocidad, la imprudencia peatonal, invasi\u00f3n de carril, no guardar la distancia, y conducir bajo los efectos del alcohol, est\u00e1n entre las principales causas de accidentes, seg\u00fan la Polic\u00eda de Tr\u00e1nsito.<\/p>\n","protected":false},"excerpt":{"rendered":"<p>El ritmo escalofriante de accidentes en las v\u00edas que lleva Nicaragua, podr\u00eda por primera vez este a\u00f1o llegar a la cifra r\u00e9cord de 700 muertos, dijo el lunes el jefe de Tr\u00e1nsito, comisionado mayor Roberto Gonz\u00e1lez. La cifra es la m\u00e1s alta para Nicaragua, que en 2013 hab\u00eda logrado bajar de 600 la cantidad de [&hellip;]<\/p>\n","protected":false},"author":1,"featured_media":32779,"comment_status":"open","ping_status":"open","sticky":false,"template":"","format":"standard","meta":{"om_disable_all_campaigns":false,"_monsterinsights_skip_tracking":false,"_monsterinsights_sitenote_active":false,"_monsterinsights_sitenote_note":"","_monsterinsights_sitenote_category":0,"footnotes":""},"categories":[3524],"tags":[],"class_list":["post-32778","post","type-post","status-publish","format-standard","has-post-thumbnail","hentry","category-noticas"],"aioseo_notices":[],"_links":{"self":[{"href":"https:\/\/elcronistadigital.com\/index.php?rest_route=\/wp\/v2\/posts\/32778","targetHints":{"allow":["GET"]}}],"collection":[{"href":"https:\/\/elcronistadigital.com\/index.php?rest_route=\/wp\/v2\/posts"}],"about":[{"href":"https:\/\/elcronistadigital.com\/index.php?rest_route=\/wp\/v2\/types\/post"}],"author":[{"embeddable":true,"href":"https:\/\/elcronistadigital.com\/index.php?rest_route=\/wp\/v2\/users\/1"}],"replies":[{"embeddable":true,"href":"https:\/\/elcronistadigital.com\/index.php?rest_route=%2Fwp%2Fv2%2Fcomments&post=32778"}],"version-history":[{"count":1,"href":"https:\/\/elcronistadigital.com\/index.php?rest_route=\/wp\/v2\/posts\/32778\/revisions"}],"predecessor-version":[{"id":32780,"href":"https:\/\/elcronistadigital.com\/index.php?rest_route=\/wp\/v2\/posts\/32778\/revisions\/32780"}],"wp:featuredmedia":[{"embeddable":true,"href":"https:\/\/elcronistadigital.com\/index.php?rest_route=\/wp\/v2\/media\/32779"}],"wp:attachment":[{"href":"https:\/\/elcronistadigital.com\/index.php?rest_route=%2Fwp%2Fv2%2Fmedia&parent=32778"}],"wp:term":[{"taxonomy":"category","embeddable":true,"href":"https:\/\/elcronistadigital.com\/index.php?rest_route=%2Fwp%2Fv2%2Fcategories&post=32778"},{"taxonomy":"post_tag","embeddable":true,"href":"https:\/\/elcronistadigital.com\/index.php?rest_route=%2Fwp%2Fv2%2Ftags&post=32778"}],"curies":[{"name":"wp","href":"https:\/\/api.w.org\/{rel}","templated":true}]}}