{"id":32791,"date":"2014-06-17T10:24:34","date_gmt":"2014-06-17T16:24:34","guid":{"rendered":"http:\/\/elcronistadigital.com\/?p=32791"},"modified":"2014-06-17T10:24:34","modified_gmt":"2014-06-17T16:24:34","slug":"iker-casillas-en-los-versos-de-ruben-dario","status":"publish","type":"post","link":"https:\/\/elcronistadigital.com\/?p=32791","title":{"rendered":"Iker Casillas en los versos de Rub\u00e9n Dar\u00edo"},"content":{"rendered":"<p><a href=\"https:\/\/elcronistadigital.com\/?attachment_id=32792\" rel=\"attachment wp-att-32792\"><img loading=\"lazy\" decoding=\"async\" class=\"alignleft size-medium wp-image-32792\" alt=\"Iker\" src=\"https:\/\/elcronistadigital.com\/wp-content\/uploads\/2014\/06\/Iker-300x224.jpg\" width=\"300\" height=\"224\" srcset=\"https:\/\/elcronistadigital.com\/wp-content\/uploads\/2014\/06\/Iker-300x224.jpg 300w, https:\/\/elcronistadigital.com\/wp-content\/uploads\/2014\/06\/Iker-342x256.jpg 342w, https:\/\/elcronistadigital.com\/wp-content\/uploads\/2014\/06\/Iker-60x45.jpg 60w, https:\/\/elcronistadigital.com\/wp-content\/uploads\/2014\/06\/Iker-150x113.jpg 150w, https:\/\/elcronistadigital.com\/wp-content\/uploads\/2014\/06\/Iker-269x201.jpg 269w, https:\/\/elcronistadigital.com\/wp-content\/uploads\/2014\/06\/Iker.jpg 611w\" sizes=\"auto, (max-width: 300px) 100vw, 300px\" \/><\/a>Manuel Or\u00edo<\/p>\n<p>Cuando el poeta y diplom\u00e1tico nicarag\u00fcense Rub\u00e9n Dar\u00edo escribi\u00f3 su famosa sonatina \u201cLa princesa est\u00e1 triste\u201d, seguramente no imagin\u00f3 que aquellos versos dulces y sentidos pudieran aplicarse un siglo despu\u00e9s a las penas y desencantos de un portero de f\u00fatbol. Rub\u00e9n Dar\u00edo, que no se llamaba as\u00ed y vivi\u00f3 una extra\u00f1a vida de depresiones, alcoholismo y situaciones fantasmag\u00f3ricas \u2013el hermano de una de sus amantes le oblig\u00f3 a contraer matrimonio a punta de pistola- fue a dar en las \u00faltimas vueltas de su torturada vida con una buena mujer de Navalcruz, un pueblo de \u00c1vila del que proceden tambi\u00e9n los ancestros del guardameta. Iker Casillas, que as\u00ed se llama \u00e9l, parece un personaje hecho a medida para reflejar de verdad aquellas tristezas comedidas y casi secretas que el autor deseaba reflejar en su poema.<\/p>\n<p>\u201cLa princesa est\u00e1 triste, -escribe Dar\u00edo- \u00bfqu\u00e9 tendr\u00e1 la princesa?. Los suspiros se escapan de su boca de fresa, que ha perdido la risa, que ha perdido el color\u201d. La princesa es en este caso un pr\u00edncipe al que todos consideramos el mejor guardameta de su generaci\u00f3n y al que hace aproximadamente un a\u00f1o, un inoportuno percance producido adem\u00e1s por la bota de un compa\u00f1ero le caus\u00f3 una lesi\u00f3n primero y una suplencia m\u00e1s tarde de la que no se ha recuperado ni en forma ni en \u00e1nimo. Especialmente en este \u00faltimo aspecto, con el que Casillas convive en silencio tratando de poner buena cara y restar hierro a lo que ocurre aunque no siempre lo consiga. Iker est\u00e1 triste, ha perdido la risa y sobre todo, ha perdido parte de la insultante confianza en si mismo que es uno de los tesoros m\u00e1s importantes con los que cuenta un portero de f\u00fatbol. El capit\u00e1n de la Roja y del Real Madrid ha trampeado a lo largo de la temporada y, apelando a una experiencia larga y fecunda combinada con sus dotes naturales, ha sacado con bien una temporada que culmin\u00f3 con los dos t\u00edtulos en los que ha participado. Iker ha sido campe\u00f3n de Copa y Champion mientras Diego L\u00f3pez, el portero para la Liga, no ha sido capaz de conquistar el t\u00edtulo que hubiera otorgado al Madrid el triplete.<\/p>\n<p>Sin embargo, Iker no es el mismo. Todos los que hemos asomado la nariz por el puesto de portero sabemos que vive sin vivir en \u00e9l con solo mirarle a los ojos. Ya no grita ni ordena a sus defensas del modo en el que lo hac\u00eda, ya no anima desde atr\u00e1s ni lanza a su equipo con la incuestionable autoridad del capit\u00e1n que los manda. Y adem\u00e1s, est\u00e1 serio, cariacontecido y cabizbajo. Pero lo peor es que ha perdido naturalidad en la porter\u00eda y se est\u00e1 dejando entre los palos jirones de su antigua e infinita confianza. Cierto es que sigue apareciendo en lances de puros reflejos y sigue cultivando con arrojo y decisi\u00f3n su leyenda de santo sanador y milagrero, pero la realidad es que esta moral quebradiza que se refleja en sus ojos y asoma en cada palabra le ha jugado malas pasadas y le ha mostrado dubitativo en las salidas como aquellas dos que hizo durante la final contra el Atl\u00e9tico \u2013una de ellas le cost\u00f3 un gol- y las que, con mayor gravedad, se han repetido en el maldito partido de inauguraci\u00f3n contra Holanda.<br \/>\nEs urgente rescatar a Casillas de si mismo porque est\u00e1 en claro riesgo de perderse para siempre.<\/p>\n","protected":false},"excerpt":{"rendered":"<p>Manuel Or\u00edo Cuando el poeta y diplom\u00e1tico nicarag\u00fcense Rub\u00e9n Dar\u00edo escribi\u00f3 su famosa sonatina \u201cLa princesa est\u00e1 triste\u201d, seguramente no imagin\u00f3 que aquellos versos dulces y sentidos pudieran aplicarse un siglo despu\u00e9s a las penas y desencantos de un portero de f\u00fatbol. Rub\u00e9n Dar\u00edo, que no se llamaba as\u00ed y vivi\u00f3 una extra\u00f1a vida de [&hellip;]<\/p>\n","protected":false},"author":1,"featured_media":32792,"comment_status":"open","ping_status":"open","sticky":false,"template":"","format":"standard","meta":{"om_disable_all_campaigns":false,"_monsterinsights_skip_tracking":false,"_monsterinsights_sitenote_active":false,"_monsterinsights_sitenote_note":"","_monsterinsights_sitenote_category":0,"footnotes":""},"categories":[12],"tags":[],"class_list":["post-32791","post","type-post","status-publish","format-standard","has-post-thumbnail","hentry","category-blugs"],"aioseo_notices":[],"_links":{"self":[{"href":"https:\/\/elcronistadigital.com\/index.php?rest_route=\/wp\/v2\/posts\/32791","targetHints":{"allow":["GET"]}}],"collection":[{"href":"https:\/\/elcronistadigital.com\/index.php?rest_route=\/wp\/v2\/posts"}],"about":[{"href":"https:\/\/elcronistadigital.com\/index.php?rest_route=\/wp\/v2\/types\/post"}],"author":[{"embeddable":true,"href":"https:\/\/elcronistadigital.com\/index.php?rest_route=\/wp\/v2\/users\/1"}],"replies":[{"embeddable":true,"href":"https:\/\/elcronistadigital.com\/index.php?rest_route=%2Fwp%2Fv2%2Fcomments&post=32791"}],"version-history":[{"count":1,"href":"https:\/\/elcronistadigital.com\/index.php?rest_route=\/wp\/v2\/posts\/32791\/revisions"}],"predecessor-version":[{"id":32793,"href":"https:\/\/elcronistadigital.com\/index.php?rest_route=\/wp\/v2\/posts\/32791\/revisions\/32793"}],"wp:featuredmedia":[{"embeddable":true,"href":"https:\/\/elcronistadigital.com\/index.php?rest_route=\/wp\/v2\/media\/32792"}],"wp:attachment":[{"href":"https:\/\/elcronistadigital.com\/index.php?rest_route=%2Fwp%2Fv2%2Fmedia&parent=32791"}],"wp:term":[{"taxonomy":"category","embeddable":true,"href":"https:\/\/elcronistadigital.com\/index.php?rest_route=%2Fwp%2Fv2%2Fcategories&post=32791"},{"taxonomy":"post_tag","embeddable":true,"href":"https:\/\/elcronistadigital.com\/index.php?rest_route=%2Fwp%2Fv2%2Ftags&post=32791"}],"curies":[{"name":"wp","href":"https:\/\/api.w.org\/{rel}","templated":true}]}}