{"id":32795,"date":"2014-06-18T05:50:01","date_gmt":"2014-06-18T11:50:01","guid":{"rendered":"http:\/\/elcronistadigital.com\/?p=32795"},"modified":"2014-06-18T05:50:01","modified_gmt":"2014-06-18T11:50:01","slug":"mexicana-la-mas-linda-del-mundial","status":"publish","type":"post","link":"https:\/\/elcronistadigital.com\/?p=32795","title":{"rendered":"Mexicana, la m\u00e1s linda del Mundial"},"content":{"rendered":"<p><a href=\"https:\/\/elcronistadigital.com\/?attachment_id=32796\" rel=\"attachment wp-att-32796\"><img loading=\"lazy\" decoding=\"async\" class=\"alignleft size-medium wp-image-32796\" alt=\"Vanessa Huppenkothen Labra3\" src=\"https:\/\/elcronistadigital.com\/wp-content\/uploads\/2014\/06\/Vanessa-Huppenkothen-Labra3-300x169.jpg\" width=\"300\" height=\"169\" srcset=\"https:\/\/elcronistadigital.com\/wp-content\/uploads\/2014\/06\/Vanessa-Huppenkothen-Labra3-300x169.jpg 300w, https:\/\/elcronistadigital.com\/wp-content\/uploads\/2014\/06\/Vanessa-Huppenkothen-Labra3-342x193.jpg 342w, https:\/\/elcronistadigital.com\/wp-content\/uploads\/2014\/06\/Vanessa-Huppenkothen-Labra3.jpg 547w\" sizes=\"auto, (max-width: 300px) 100vw, 300px\" \/><\/a>Vanessa Huppenkothen Labra naci\u00f3 en 1985 en M\u00e9xico DF y estudi\u00f3 Relaciones Internacionales al mismo tiempo que incursion\u00f3 en el modelaje y el periodismo. En 2007 fue coronada Miss Ciudad de M\u00e9xico y asegur\u00f3 su participaci\u00f3n en el certamen Nuestra Belleza M\u00e9xico de ese mismo a\u00f1o. Mide 1,71 metros y sabe hablar en espa\u00f1ol, alem\u00e1n, ingl\u00e9s y franc\u00e9s.<\/p>\n<p>Aunque no tuvo \u00e9xito en el concurso de belleza, su porte llam\u00f3 la atenci\u00f3n de productores de televisi\u00f3n, quienes la invitaron a realizar m\u00f3viles de deportes para el programa Matutino Express. M\u00e1s tarde se integr\u00f3 a la cadena Televisa y en 2008 fue elegida para ir a China a cubrir los Juegos Ol\u00edmpicos, donde hizo varias notas sobre el evento.<\/p>\n<p>En 2009 obtuvo gran fama tras una apuesta con el conductor Guillermo Shutz, la cual consist\u00eda en que si los Cardenales de Arizona le ganaban a las \u00c1guilas de Filadelfia en las finales de la NFL, Vanessa tendr\u00eda que dar las noticias en bikini. Finalmente, perdi\u00f3 el reto y decidi\u00f3 cumplir para convertirse en la sensaci\u00f3n del momento gracias a su belleza.<a href=\"https:\/\/elcronistadigital.com\/?attachment_id=32797\" rel=\"attachment wp-att-32797\"><img loading=\"lazy\" decoding=\"async\" class=\"alignright size-full wp-image-32797\" alt=\"Vanessa Huppenkothen Labra\" src=\"https:\/\/elcronistadigital.com\/wp-content\/uploads\/2014\/06\/Vanessa-Huppenkothen-Labra.jpg\" width=\"366\" height=\"363\" srcset=\"https:\/\/elcronistadigital.com\/wp-content\/uploads\/2014\/06\/Vanessa-Huppenkothen-Labra.jpg 366w, https:\/\/elcronistadigital.com\/wp-content\/uploads\/2014\/06\/Vanessa-Huppenkothen-Labra-150x150.jpg 150w, https:\/\/elcronistadigital.com\/wp-content\/uploads\/2014\/06\/Vanessa-Huppenkothen-Labra-300x297.jpg 300w, https:\/\/elcronistadigital.com\/wp-content\/uploads\/2014\/06\/Vanessa-Huppenkothen-Labra-50x50.jpg 50w, https:\/\/elcronistadigital.com\/wp-content\/uploads\/2014\/06\/Vanessa-Huppenkothen-Labra-342x339.jpg 342w, https:\/\/elcronistadigital.com\/wp-content\/uploads\/2014\/06\/Vanessa-Huppenkothen-Labra-70x70.jpg 70w, https:\/\/elcronistadigital.com\/wp-content\/uploads\/2014\/06\/Vanessa-Huppenkothen-Labra-55x55.jpg 55w\" sizes=\"auto, (max-width: 366px) 100vw, 366px\" \/><\/a><\/p>\n<p>Los encantos de la mexicana la han convertido en el centro de todas las miradas desde que aterriz\u00f3 en Brasil. Lejos de sentirse inc\u00f3moda en el papel de sex symbol, la reportera no tiene ning\u00fan problema en posar ligera de ropa para protagonizar distintas sesiones de fotos y compartirlas en sus cuentas de Instagram y Twitter. \u00abPocas cosas emocionan tanto como ver a tu selecci\u00f3n en un Mundial. Suerte, M\u00e9xico\u00bb, fue su mensaje de aliento en esta Copa.<\/p>\n","protected":false},"excerpt":{"rendered":"<p>Vanessa Huppenkothen Labra naci\u00f3 en 1985 en M\u00e9xico DF y estudi\u00f3 Relaciones Internacionales al mismo tiempo que incursion\u00f3 en el modelaje y el periodismo. En 2007 fue coronada Miss Ciudad de M\u00e9xico y asegur\u00f3 su participaci\u00f3n en el certamen Nuestra Belleza M\u00e9xico de ese mismo a\u00f1o. Mide 1,71 metros y sabe hablar en espa\u00f1ol, alem\u00e1n, [&hellip;]<\/p>\n","protected":false},"author":1,"featured_media":32797,"comment_status":"open","ping_status":"open","sticky":false,"template":"","format":"standard","meta":{"om_disable_all_campaigns":false,"_monsterinsights_skip_tracking":false,"_monsterinsights_sitenote_active":false,"_monsterinsights_sitenote_note":"","_monsterinsights_sitenote_category":0,"footnotes":""},"categories":[3524],"tags":[],"class_list":["post-32795","post","type-post","status-publish","format-standard","has-post-thumbnail","hentry","category-noticas"],"aioseo_notices":[],"_links":{"self":[{"href":"https:\/\/elcronistadigital.com\/index.php?rest_route=\/wp\/v2\/posts\/32795","targetHints":{"allow":["GET"]}}],"collection":[{"href":"https:\/\/elcronistadigital.com\/index.php?rest_route=\/wp\/v2\/posts"}],"about":[{"href":"https:\/\/elcronistadigital.com\/index.php?rest_route=\/wp\/v2\/types\/post"}],"author":[{"embeddable":true,"href":"https:\/\/elcronistadigital.com\/index.php?rest_route=\/wp\/v2\/users\/1"}],"replies":[{"embeddable":true,"href":"https:\/\/elcronistadigital.com\/index.php?rest_route=%2Fwp%2Fv2%2Fcomments&post=32795"}],"version-history":[{"count":1,"href":"https:\/\/elcronistadigital.com\/index.php?rest_route=\/wp\/v2\/posts\/32795\/revisions"}],"predecessor-version":[{"id":32798,"href":"https:\/\/elcronistadigital.com\/index.php?rest_route=\/wp\/v2\/posts\/32795\/revisions\/32798"}],"wp:featuredmedia":[{"embeddable":true,"href":"https:\/\/elcronistadigital.com\/index.php?rest_route=\/wp\/v2\/media\/32797"}],"wp:attachment":[{"href":"https:\/\/elcronistadigital.com\/index.php?rest_route=%2Fwp%2Fv2%2Fmedia&parent=32795"}],"wp:term":[{"taxonomy":"category","embeddable":true,"href":"https:\/\/elcronistadigital.com\/index.php?rest_route=%2Fwp%2Fv2%2Fcategories&post=32795"},{"taxonomy":"post_tag","embeddable":true,"href":"https:\/\/elcronistadigital.com\/index.php?rest_route=%2Fwp%2Fv2%2Ftags&post=32795"}],"curies":[{"name":"wp","href":"https:\/\/api.w.org\/{rel}","templated":true}]}}