{"id":32799,"date":"2014-06-18T06:03:54","date_gmt":"2014-06-18T12:03:54","guid":{"rendered":"http:\/\/elcronistadigital.com\/?p=32799"},"modified":"2014-06-18T06:03:54","modified_gmt":"2014-06-18T12:03:54","slug":"donde-estan-los-frijoles-que-produjo-nicaragua","status":"publish","type":"post","link":"https:\/\/elcronistadigital.com\/?p=32799","title":{"rendered":"\u00bfD\u00f3nde est\u00e1n los frijoles que produjo Nicaragua?"},"content":{"rendered":"<p><a href=\"https:\/\/elcronistadigital.com\/?attachment_id=32800\" rel=\"attachment wp-att-32800\"><img loading=\"lazy\" decoding=\"async\" class=\"alignleft size-full wp-image-32800\" alt=\"frijol expor\" src=\"https:\/\/elcronistadigital.com\/wp-content\/uploads\/2014\/06\/frijol-expor.jpg\" width=\"300\" height=\"194\" \/><\/a>Luego de se\u00f1alar a los comerciantes de los mercados como acaparadores, el gobierno de Nicaragua autoriz\u00f3 la importaci\u00f3n de 20 mil toneladas de frijol rojo libres de impuestos. \u00bfY los que supuestamente se hab\u00edan producido aqu\u00ed?<\/p>\n<p>\u00bfFrenar\u00e1 esto la especulaci\u00f3n con los precios de este grano b\u00e1sico, cuya libra anda por encima de un d\u00f3lar, pese a que antes de la crisis se consegu\u00eda en ocho c\u00f3rdobas? Seg\u00fan decreto del Ministerio de Fomento, Industria y Comercio (Mific), la importaci\u00f3n se realizar\u00e1 entre junio y septiembre de 2014.<\/p>\n<p>Los frijoles ser\u00e1n comprados a cualquier pa\u00eds miembro de la Organizaci\u00f3n Mundial de Comercio (OMC) \u00ablibres del pago de Derecho Arancelario a la Importaci\u00f3n\u00bb, se\u00f1ala la medida.<\/p>\n<p>Con la compra, el gobierno pretende bajar los altos precios del producto mientras sale la pr\u00f3xima cosecha, en el actual semestre.<\/p>\n<p>El precio del frijol rojo se dispar\u00f3 hace dos meses, al pasar de uno a dos d\u00f3lares el kilo, en un pa\u00eds donde m\u00e1s de 2,5 millones nicarag\u00fcenses a\u00fan viven con menos de dos d\u00f3lares al d\u00eda, seg\u00fan la encuesta de la Fundaci\u00f3n Internacional para el Desaf\u00edo Econ\u00f3mico Global (FIDEG) del 2013.<\/p>\n<p>Esto ha provocado que muchos nicarag\u00fcenses consuman menos frijoles, que usan generalmente para cocinar el famoso \u00abgallo pinto\u00bb (arroz y frijoles fritos) que comen en el desayuno y la cena acompa\u00f1ado con huevos, queso o pl\u00e1tanos fritos.<\/p>\n<p>Seg\u00fan sondeos de medios locales, la gente ahora compra dos kilos de frijoles al mes, en vez de seis, inform\u00f3 Efe.<\/p>\n<p>El presidente, Daniel Ortega, acus\u00f3 la semana pasada a los especuladores por encarecer el producto.<\/p>\n<p>Dijo que su gobierno ha tratado de frenar la especulaci\u00f3n vendiendo \u00abfrijoles solidarios\u00bb m\u00e1s baratos en los barrios a trav\u00e9s de la estatal Empresa Nicarag\u00fcense de Alimentos B\u00e1sicos (Enabas).<\/p>\n<p>La disidencia sandinista, sin embargo, acus\u00f3 del alza a Enabas, que es el que compra -y acopia- el grano a los productores, y al gobierno por promover una mayor producci\u00f3n de frijoles negros para exportar a Venezuela.<\/p>\n","protected":false},"excerpt":{"rendered":"<p>Luego de se\u00f1alar a los comerciantes de los mercados como acaparadores, el gobierno de Nicaragua autoriz\u00f3 la importaci\u00f3n de 20 mil toneladas de frijol rojo libres de impuestos. \u00bfY los que supuestamente se hab\u00edan producido aqu\u00ed? \u00bfFrenar\u00e1 esto la especulaci\u00f3n con los precios de este grano b\u00e1sico, cuya libra anda por encima de un d\u00f3lar, [&hellip;]<\/p>\n","protected":false},"author":1,"featured_media":32800,"comment_status":"open","ping_status":"open","sticky":false,"template":"","format":"standard","meta":{"om_disable_all_campaigns":false,"_monsterinsights_skip_tracking":false,"_monsterinsights_sitenote_active":false,"_monsterinsights_sitenote_note":"","_monsterinsights_sitenote_category":0,"footnotes":""},"categories":[3524,13],"tags":[],"class_list":["post-32799","post","type-post","status-publish","format-standard","has-post-thumbnail","hentry","category-noticas","category-portada"],"aioseo_notices":[],"_links":{"self":[{"href":"https:\/\/elcronistadigital.com\/index.php?rest_route=\/wp\/v2\/posts\/32799","targetHints":{"allow":["GET"]}}],"collection":[{"href":"https:\/\/elcronistadigital.com\/index.php?rest_route=\/wp\/v2\/posts"}],"about":[{"href":"https:\/\/elcronistadigital.com\/index.php?rest_route=\/wp\/v2\/types\/post"}],"author":[{"embeddable":true,"href":"https:\/\/elcronistadigital.com\/index.php?rest_route=\/wp\/v2\/users\/1"}],"replies":[{"embeddable":true,"href":"https:\/\/elcronistadigital.com\/index.php?rest_route=%2Fwp%2Fv2%2Fcomments&post=32799"}],"version-history":[{"count":1,"href":"https:\/\/elcronistadigital.com\/index.php?rest_route=\/wp\/v2\/posts\/32799\/revisions"}],"predecessor-version":[{"id":32801,"href":"https:\/\/elcronistadigital.com\/index.php?rest_route=\/wp\/v2\/posts\/32799\/revisions\/32801"}],"wp:featuredmedia":[{"embeddable":true,"href":"https:\/\/elcronistadigital.com\/index.php?rest_route=\/wp\/v2\/media\/32800"}],"wp:attachment":[{"href":"https:\/\/elcronistadigital.com\/index.php?rest_route=%2Fwp%2Fv2%2Fmedia&parent=32799"}],"wp:term":[{"taxonomy":"category","embeddable":true,"href":"https:\/\/elcronistadigital.com\/index.php?rest_route=%2Fwp%2Fv2%2Fcategories&post=32799"},{"taxonomy":"post_tag","embeddable":true,"href":"https:\/\/elcronistadigital.com\/index.php?rest_route=%2Fwp%2Fv2%2Ftags&post=32799"}],"curies":[{"name":"wp","href":"https:\/\/api.w.org\/{rel}","templated":true}]}}