{"id":32805,"date":"2014-06-18T06:30:43","date_gmt":"2014-06-18T12:30:43","guid":{"rendered":"http:\/\/elcronistadigital.com\/?p=32805"},"modified":"2014-06-18T06:30:43","modified_gmt":"2014-06-18T12:30:43","slug":"presidente-tico-viajara-en-avioneta-que-pertenecio-a-narcos","status":"publish","type":"post","link":"https:\/\/elcronistadigital.com\/?p=32805","title":{"rendered":"Presidente tico viajar\u00e1 en avioneta que perteneci\u00f3 a narcos"},"content":{"rendered":"<div id=\"attachment_32806\" style=\"width: 310px\" class=\"wp-caption alignleft\"><a href=\"https:\/\/elcronistadigital.com\/?attachment_id=32806\" rel=\"attachment wp-att-32806\"><img loading=\"lazy\" decoding=\"async\" aria-describedby=\"caption-attachment-32806\" class=\"size-medium wp-image-32806\" alt=\"La avioneta quitada a los narcos que utilizar\u00e1 el presidente de Costa Rica, Luis Guillermo Sol\u00eds.\" src=\"https:\/\/elcronistadigital.com\/wp-content\/uploads\/2014\/06\/avioneta-narco-de-presidente-tico-300x199.jpg\" width=\"300\" height=\"199\" srcset=\"https:\/\/elcronistadigital.com\/wp-content\/uploads\/2014\/06\/avioneta-narco-de-presidente-tico-300x199.jpg 300w, https:\/\/elcronistadigital.com\/wp-content\/uploads\/2014\/06\/avioneta-narco-de-presidente-tico-342x227.jpg 342w, https:\/\/elcronistadigital.com\/wp-content\/uploads\/2014\/06\/avioneta-narco-de-presidente-tico.jpg 800w\" sizes=\"auto, (max-width: 300px) 100vw, 300px\" \/><\/a><p id=\"caption-attachment-32806\" class=\"wp-caption-text\">La avioneta quitada a los narcos que utilizar\u00e1 el presidente de Costa Rica, Luis Guillermo Sol\u00eds.<\/p><\/div>\n<p>Una avioneta que perteneci\u00f3 a narcos colombianos, ser\u00e1 utilizada eventualmente por el presidente de Costa Rica, Luis Guillermo Sol\u00eds, para desplazarse en sus viajes por Centroam\u00e9rica, seg\u00fan indic\u00f3 el martes en San Jos\u00e9.<\/p>\n<p>La raz\u00f3n que esgrimi\u00f3 el mandatario es que Costa Rica no tiene un avi\u00f3n presidencial, por lo que sus funcionarios deben viajar en vuelos comerciales o en algunas ocasiones son invitados a utilizar aeronaves de otros gobiernos.<\/p>\n<p>\u00abExcepcionalmente, cuando sea indispensable que esa aeronave sea utilizada por el presidente y otros funcionarios para viajes a Centroam\u00e9rica, lo haremos\u00bb, expres\u00f3 Sol\u00eds en una conferencia de prensa posterior a la reuni\u00f3n semanal con su gabinete.<\/p>\n<p>La avioneta bimotor fue decomisada en diciembre pasado con una tonelada de coca\u00edna en la provincia de Lim\u00f3n (Caribe), a donde lleg\u00f3 aparentemente procedente de Colombia, y en la actualidad est\u00e1 siendo reparada para que pase a manos del Ministerio de Seguridad costarricense.<\/p>\n<p>El costo de la reparaci\u00f3n es de unos 50.000 d\u00f3lares y cuando se encuentre a punto ser\u00e1 utilizada por el Servicio Nacional de Vigilancia A\u00e9rea del Ministerio de Seguridad, y por funcionarios de Gobierno cuando sea necesario.<\/p>\n<p>\u00abNo es mi avioneta, no es una avioneta presidencial. Es una aeronave m\u00e1s del Servicio Nacional de Vigilancia A\u00e9rea\u00bb, manifest\u00f3 Sol\u00eds.<\/p>\n<p>El presidente dijo que espera que cuando funcionarios del Gobierno usen la aeronave sea por \u00abrazones extraordinarias\u00bb y que su costo resulte \u00abmenor que pagar un vuelo comercial\u00bb.<\/p>\n<p>\u00abHay suficientes vuelos comerciales a todos los destinos de Centroam\u00e9rica, excepto Honduras y a veces Panam\u00e1, que permiten que uno vaya y vuelva el mismo d\u00eda\u00bb, expres\u00f3.<\/p>\n<p>Costa Rica, que no tiene ej\u00e9rcito desde 1948, tiene unas cuantas avionetas y helic\u00f3pteros peque\u00f1os del Ministerio de Seguridad, que en algunas ocasiones son utilizados por el presidente para viajes cortos en el interior del pa\u00eds.<\/p>\n","protected":false},"excerpt":{"rendered":"<p>Una avioneta que perteneci\u00f3 a narcos colombianos, ser\u00e1 utilizada eventualmente por el presidente de Costa Rica, Luis Guillermo Sol\u00eds, para desplazarse en sus viajes por Centroam\u00e9rica, seg\u00fan indic\u00f3 el martes en San Jos\u00e9. La raz\u00f3n que esgrimi\u00f3 el mandatario es que Costa Rica no tiene un avi\u00f3n presidencial, por lo que sus funcionarios deben viajar [&hellip;]<\/p>\n","protected":false},"author":1,"featured_media":32806,"comment_status":"open","ping_status":"open","sticky":false,"template":"","format":"standard","meta":{"om_disable_all_campaigns":false,"_monsterinsights_skip_tracking":false,"_monsterinsights_sitenote_active":false,"_monsterinsights_sitenote_note":"","_monsterinsights_sitenote_category":0,"footnotes":""},"categories":[3524,13],"tags":[],"class_list":["post-32805","post","type-post","status-publish","format-standard","has-post-thumbnail","hentry","category-noticas","category-portada"],"aioseo_notices":[],"_links":{"self":[{"href":"https:\/\/elcronistadigital.com\/index.php?rest_route=\/wp\/v2\/posts\/32805","targetHints":{"allow":["GET"]}}],"collection":[{"href":"https:\/\/elcronistadigital.com\/index.php?rest_route=\/wp\/v2\/posts"}],"about":[{"href":"https:\/\/elcronistadigital.com\/index.php?rest_route=\/wp\/v2\/types\/post"}],"author":[{"embeddable":true,"href":"https:\/\/elcronistadigital.com\/index.php?rest_route=\/wp\/v2\/users\/1"}],"replies":[{"embeddable":true,"href":"https:\/\/elcronistadigital.com\/index.php?rest_route=%2Fwp%2Fv2%2Fcomments&post=32805"}],"version-history":[{"count":1,"href":"https:\/\/elcronistadigital.com\/index.php?rest_route=\/wp\/v2\/posts\/32805\/revisions"}],"predecessor-version":[{"id":32807,"href":"https:\/\/elcronistadigital.com\/index.php?rest_route=\/wp\/v2\/posts\/32805\/revisions\/32807"}],"wp:featuredmedia":[{"embeddable":true,"href":"https:\/\/elcronistadigital.com\/index.php?rest_route=\/wp\/v2\/media\/32806"}],"wp:attachment":[{"href":"https:\/\/elcronistadigital.com\/index.php?rest_route=%2Fwp%2Fv2%2Fmedia&parent=32805"}],"wp:term":[{"taxonomy":"category","embeddable":true,"href":"https:\/\/elcronistadigital.com\/index.php?rest_route=%2Fwp%2Fv2%2Fcategories&post=32805"},{"taxonomy":"post_tag","embeddable":true,"href":"https:\/\/elcronistadigital.com\/index.php?rest_route=%2Fwp%2Fv2%2Ftags&post=32805"}],"curies":[{"name":"wp","href":"https:\/\/api.w.org\/{rel}","templated":true}]}}