{"id":32808,"date":"2014-06-18T06:51:38","date_gmt":"2014-06-18T12:51:38","guid":{"rendered":"http:\/\/elcronistadigital.com\/?p=32808"},"modified":"2014-06-18T06:51:38","modified_gmt":"2014-06-18T12:51:38","slug":"mas-de-mil-competidores-listos-para-carrera-el-repliegue","status":"publish","type":"post","link":"https:\/\/elcronistadigital.com\/?p=32808","title":{"rendered":"M\u00e1s de mil competidores listos para Carrera El Repliegue"},"content":{"rendered":"<p><a href=\"https:\/\/elcronistadigital.com\/?attachment_id=32809\" rel=\"attachment wp-att-32809\"><img loading=\"lazy\" decoding=\"async\" class=\"alignleft size-medium wp-image-32809\" alt=\"repliegue\" src=\"https:\/\/elcronistadigital.com\/wp-content\/uploads\/2014\/06\/repliegue-300x181.jpg\" width=\"300\" height=\"181\" srcset=\"https:\/\/elcronistadigital.com\/wp-content\/uploads\/2014\/06\/repliegue-300x181.jpg 300w, https:\/\/elcronistadigital.com\/wp-content\/uploads\/2014\/06\/repliegue-342x207.jpg 342w, https:\/\/elcronistadigital.com\/wp-content\/uploads\/2014\/06\/repliegue.jpg 500w\" sizes=\"auto, (max-width: 300px) 100vw, 300px\" \/><\/a>Corredores de Espa\u00f1a, Alemania, Guatemala, Costa Rica y Nicaragua participar\u00e1n el pr\u00f3ximo domingo en la XVIII Carrera Internacional Repliegue 2014, informaron el martes autoridades de la Federaci\u00f3n de Atletismo (FNA).<\/p>\n<p>Seg\u00fan dijo a Prensa Latina la presidenta de la FNA, Xiomara Larios, se espera que participen m\u00e1s de mil personas en esta edici\u00f3n de la carrera, la cual contar\u00e1 con diferentes modalidades.<\/p>\n<p>Por ejemplo, habr\u00e1 una categor\u00eda internacional cuyo recorrido comprende 30 kil\u00f3metros, mientras que m\u00e1ster -para mayores de 40 a\u00f1os- y juvenil tendr\u00e1n un tramo de 15 kil\u00f3metros, explic\u00f3.<\/p>\n<p>Aquellos aficionados que quieran participar en el Repliegue 2014 podr\u00e1n correr en la categor\u00eda popular, mientras que los infantes, entre 12 y 14 a\u00f1os, participar\u00e1n en la infantil, que solo ser\u00e1 de 2.5 kil\u00f3metros.<\/p>\n<p>La prueba m\u00e1s fuerte ser\u00e1 la del marat\u00f3n, donde aquellos corredores que se inscriban deber\u00e1n recorrer 42 kil\u00f3metros antes de cruzar la meta.<\/p>\n<p>Larios explic\u00f3 que existen otras categor\u00edas en las cuales pueden inscribirse los no videntes y participantes en sillas de rueda, quienes tambi\u00e9n podr\u00e1n competir en el tramo de 15 kil\u00f3metros.<\/p>\n<p>Asimismo, la federaci\u00f3n inform\u00f3 que un servicio m\u00e9dico acompa\u00f1ar\u00e1 a los participantes en la competencia, y se habilitar\u00e1n varios puntos de avituallamiento y agua.<\/p>\n<p>Esta carrera internacional se organiza desde los 80 como homenaje al repliegue t\u00e1ctico a Masaya, una de las acciones militares ejecutadas por el Frente Sandinista de Liberaci\u00f3n Nacional en su lucha contra Anastasio Somoza y que dio paso al triunfo de la Revoluci\u00f3n nicarag\u00fcense.<\/p>\n<p>La popular carrera dej\u00f3 de realizarse en los a\u00f1os 90 y no fue hasta el 2007 cuando se retom\u00f3 la iniciativa.<\/p>\n","protected":false},"excerpt":{"rendered":"<p>Corredores de Espa\u00f1a, Alemania, Guatemala, Costa Rica y Nicaragua participar\u00e1n el pr\u00f3ximo domingo en la XVIII Carrera Internacional Repliegue 2014, informaron el martes autoridades de la Federaci\u00f3n de Atletismo (FNA). Seg\u00fan dijo a Prensa Latina la presidenta de la FNA, Xiomara Larios, se espera que participen m\u00e1s de mil personas en esta edici\u00f3n de la [&hellip;]<\/p>\n","protected":false},"author":1,"featured_media":32809,"comment_status":"open","ping_status":"open","sticky":false,"template":"","format":"standard","meta":{"om_disable_all_campaigns":false,"_monsterinsights_skip_tracking":false,"_monsterinsights_sitenote_active":false,"_monsterinsights_sitenote_note":"","_monsterinsights_sitenote_category":0,"footnotes":""},"categories":[3],"tags":[],"class_list":["post-32808","post","type-post","status-publish","format-standard","has-post-thumbnail","hentry","category-nacionales"],"aioseo_notices":[],"_links":{"self":[{"href":"https:\/\/elcronistadigital.com\/index.php?rest_route=\/wp\/v2\/posts\/32808","targetHints":{"allow":["GET"]}}],"collection":[{"href":"https:\/\/elcronistadigital.com\/index.php?rest_route=\/wp\/v2\/posts"}],"about":[{"href":"https:\/\/elcronistadigital.com\/index.php?rest_route=\/wp\/v2\/types\/post"}],"author":[{"embeddable":true,"href":"https:\/\/elcronistadigital.com\/index.php?rest_route=\/wp\/v2\/users\/1"}],"replies":[{"embeddable":true,"href":"https:\/\/elcronistadigital.com\/index.php?rest_route=%2Fwp%2Fv2%2Fcomments&post=32808"}],"version-history":[{"count":1,"href":"https:\/\/elcronistadigital.com\/index.php?rest_route=\/wp\/v2\/posts\/32808\/revisions"}],"predecessor-version":[{"id":32810,"href":"https:\/\/elcronistadigital.com\/index.php?rest_route=\/wp\/v2\/posts\/32808\/revisions\/32810"}],"wp:featuredmedia":[{"embeddable":true,"href":"https:\/\/elcronistadigital.com\/index.php?rest_route=\/wp\/v2\/media\/32809"}],"wp:attachment":[{"href":"https:\/\/elcronistadigital.com\/index.php?rest_route=%2Fwp%2Fv2%2Fmedia&parent=32808"}],"wp:term":[{"taxonomy":"category","embeddable":true,"href":"https:\/\/elcronistadigital.com\/index.php?rest_route=%2Fwp%2Fv2%2Fcategories&post=32808"},{"taxonomy":"post_tag","embeddable":true,"href":"https:\/\/elcronistadigital.com\/index.php?rest_route=%2Fwp%2Fv2%2Ftags&post=32808"}],"curies":[{"name":"wp","href":"https:\/\/api.w.org\/{rel}","templated":true}]}}