{"id":32821,"date":"2014-06-18T11:02:01","date_gmt":"2014-06-18T17:02:01","guid":{"rendered":"http:\/\/elcronistadigital.com\/?p=32821"},"modified":"2014-06-18T11:02:01","modified_gmt":"2014-06-18T17:02:01","slug":"todas-las-lenguas-indigenas-estan-amenazadas","status":"publish","type":"post","link":"https:\/\/elcronistadigital.com\/?p=32821","title":{"rendered":"Todas las lenguas ind\u00edgenas est\u00e1n amenazadas"},"content":{"rendered":"<p>Rub\u00e9n Aguilar Valenzuela<\/p>\n<div id=\"attachment_32822\" style=\"width: 210px\" class=\"wp-caption alignleft\"><a href=\"https:\/\/elcronistadigital.com\/?attachment_id=32822\" rel=\"attachment wp-att-32822\"><img loading=\"lazy\" decoding=\"async\" aria-describedby=\"caption-attachment-32822\" class=\"size-medium wp-image-32822\" alt=\"Rub\u00e9n Aguilar Valenzuela.\" src=\"https:\/\/elcronistadigital.com\/wp-content\/uploads\/2014\/06\/Rub\u00e9n-Aguilar-Valenzuela3-200x300.jpg\" width=\"200\" height=\"300\" srcset=\"https:\/\/elcronistadigital.com\/wp-content\/uploads\/2014\/06\/Rub\u00e9n-Aguilar-Valenzuela3-200x300.jpg 200w, https:\/\/elcronistadigital.com\/wp-content\/uploads\/2014\/06\/Rub\u00e9n-Aguilar-Valenzuela3.jpg 299w\" sizes=\"auto, (max-width: 200px) 100vw, 200px\" \/><\/a><p id=\"caption-attachment-32822\" class=\"wp-caption-text\">Rub\u00e9n Aguilar Valenzuela.<\/p><\/div>\n<p>* Unos 16 millones de mexicanos se reconocen como ind\u00edgenas, pero s\u00f3lo 7 millones de ellos habla ahora una lengua original, seg\u00fan datos del Instituto Nacional de Lenguas Ind\u00edgenas.<\/p>\n<p>En M\u00e9xico existen 68 lenguas ind\u00edgenas, repartidas entre 11 familias ling\u00fc\u00edsticas y 364 variantes dialectales, de acuerdo al Instituto Nacional de Lenguas Ind\u00edgenas (INALI).<\/p>\n<p>Son 16\u2019000,000 los mexicanos que se reconocen como ind\u00edgenas, pero solo 7\u2019000,000 de ellos habla ahora una lengua original.<\/p>\n<p>Las lenguas que m\u00e1s se hablan son el n\u00e1huatl con 1\u2019500,000 personas, el maya con 800,000, el tzeltal con 500,000 y tambi\u00e9n con el mismo n\u00famero de hablantes el tzotzil y el zapoteco.<\/p>\n<p>Seg\u00fan el INALI, las lenguas que cuentan con m\u00e1s de 100,000 hablantes son: chol, huasteco, maya, mazahua, mazateco, mixe, n\u00e1huatl, otom\u00ed, pur\u00e9pecha, totonaca, tzeltal, tzotzil, chinanteco, mixtecao y zapoteco.<\/p>\n<p>De presencia media, entre 20,000 y 100,000 hablantes, est\u00e1n el: amuzugo, cora, chatino, chontal de Tabasco, huichol, mayo, popoluca, tarahumara, tepehu\u00e1n, tlapaneco, tojolabal, triqui y zoque.<\/p>\n<p>Con menos de 20,000 hablantes se encuentran: aguateco, cakchiquel, cochim\u00ed, cucup\u00e1, cuicateco, chichimeca jonaz, chocho, chontal de Oaxaca, chuj, guarij\u00edo, huave, ixcateco, ixil, jacalteco, kanjobal, kekchi, kikap\u00fa, kiliwa, kumiai, lacand\u00f3n, mame, matlatzinca, motozintleco, ocuilteco, paipai, pame, p\u00e1pago, pima, popoloca, quich\u00e9, seri, tacuate, tepehua y yaqui.<\/p>\n<p>En 2003 se cre\u00f3 el INALI con objeto de revitalizar, fortalecer y desarrollar los remanentes de lenguas originales que durante d\u00e9cadas fueron minimizadas. La instituci\u00f3n asume que 64 de las lenguas originales, ya no se diga las variantes dial\u00e9cticas, est\u00e1n en riesgo de extinci\u00f3n.<\/p>\n<p>El INALI, dentro de sus acciones a favor de la preservaci\u00f3n de las lenguas originales, ha creado los centros Nido de lengua o Palabra de la abuela donde los adultos mayores ense\u00f1an, en sus comunidades, a los m\u00e1s j\u00f3venes en su lengua original.<\/p>\n<p>Se capacita tambi\u00e9n a traductores que apoyen los servicios de salud y justicia que ofrece al gobierno, para que se acceda a ellos en las lenguas originales. El INALI fomenta la investigaci\u00f3n ling\u00fc\u00edstica entre universidades y autoridades.<\/p>\n<p>Esta instituci\u00f3n merece todo el apoyo y reconocimiento de la sociedad y debe ser m\u00e1s conocida. Al gobierno toca impulsar su crecimiento y dotarla de m\u00e1s recursos. La preservaci\u00f3n de las lenguas originales forma parte de la construcci\u00f3n y conservaci\u00f3n de nuestra identidad cultural.<\/p>\n","protected":false},"excerpt":{"rendered":"<p>Rub\u00e9n Aguilar Valenzuela * Unos 16 millones de mexicanos se reconocen como ind\u00edgenas, pero s\u00f3lo 7 millones de ellos habla ahora una lengua original, seg\u00fan datos del Instituto Nacional de Lenguas Ind\u00edgenas. En M\u00e9xico existen 68 lenguas ind\u00edgenas, repartidas entre 11 familias ling\u00fc\u00edsticas y 364 variantes dialectales, de acuerdo al Instituto Nacional de Lenguas Ind\u00edgenas [&hellip;]<\/p>\n","protected":false},"author":1,"featured_media":32822,"comment_status":"open","ping_status":"open","sticky":false,"template":"","format":"standard","meta":{"om_disable_all_campaigns":false,"_monsterinsights_skip_tracking":false,"_monsterinsights_sitenote_active":false,"_monsterinsights_sitenote_note":"","_monsterinsights_sitenote_category":0,"footnotes":""},"categories":[12],"tags":[],"class_list":["post-32821","post","type-post","status-publish","format-standard","has-post-thumbnail","hentry","category-blugs"],"aioseo_notices":[],"_links":{"self":[{"href":"https:\/\/elcronistadigital.com\/index.php?rest_route=\/wp\/v2\/posts\/32821","targetHints":{"allow":["GET"]}}],"collection":[{"href":"https:\/\/elcronistadigital.com\/index.php?rest_route=\/wp\/v2\/posts"}],"about":[{"href":"https:\/\/elcronistadigital.com\/index.php?rest_route=\/wp\/v2\/types\/post"}],"author":[{"embeddable":true,"href":"https:\/\/elcronistadigital.com\/index.php?rest_route=\/wp\/v2\/users\/1"}],"replies":[{"embeddable":true,"href":"https:\/\/elcronistadigital.com\/index.php?rest_route=%2Fwp%2Fv2%2Fcomments&post=32821"}],"version-history":[{"count":1,"href":"https:\/\/elcronistadigital.com\/index.php?rest_route=\/wp\/v2\/posts\/32821\/revisions"}],"predecessor-version":[{"id":32823,"href":"https:\/\/elcronistadigital.com\/index.php?rest_route=\/wp\/v2\/posts\/32821\/revisions\/32823"}],"wp:featuredmedia":[{"embeddable":true,"href":"https:\/\/elcronistadigital.com\/index.php?rest_route=\/wp\/v2\/media\/32822"}],"wp:attachment":[{"href":"https:\/\/elcronistadigital.com\/index.php?rest_route=%2Fwp%2Fv2%2Fmedia&parent=32821"}],"wp:term":[{"taxonomy":"category","embeddable":true,"href":"https:\/\/elcronistadigital.com\/index.php?rest_route=%2Fwp%2Fv2%2Fcategories&post=32821"},{"taxonomy":"post_tag","embeddable":true,"href":"https:\/\/elcronistadigital.com\/index.php?rest_route=%2Fwp%2Fv2%2Ftags&post=32821"}],"curies":[{"name":"wp","href":"https:\/\/api.w.org\/{rel}","templated":true}]}}