{"id":32824,"date":"2014-06-18T15:21:32","date_gmt":"2014-06-18T21:21:32","guid":{"rendered":"http:\/\/elcronistadigital.com\/?p=32824"},"modified":"2014-06-18T15:22:19","modified_gmt":"2014-06-18T21:22:19","slug":"colombia-el-fin-de-la-guerra","status":"publish","type":"post","link":"https:\/\/elcronistadigital.com\/?p=32824","title":{"rendered":"Colombia: el fin de la guerra"},"content":{"rendered":"<p><a href=\"https:\/\/elcronistadigital.com\/?attachment_id=32825\" rel=\"attachment wp-att-32825\"><img loading=\"lazy\" decoding=\"async\" class=\"alignleft size-medium wp-image-32825\" alt=\"farc-santos\" src=\"https:\/\/elcronistadigital.com\/wp-content\/uploads\/2014\/06\/farc-santos-300x150.jpg\" width=\"300\" height=\"150\" srcset=\"https:\/\/elcronistadigital.com\/wp-content\/uploads\/2014\/06\/farc-santos-300x150.jpg 300w, https:\/\/elcronistadigital.com\/wp-content\/uploads\/2014\/06\/farc-santos-342x170.jpg 342w, https:\/\/elcronistadigital.com\/wp-content\/uploads\/2014\/06\/farc-santos.jpg 600w\" sizes=\"auto, (max-width: 300px) 100vw, 300px\" \/><\/a>Rub\u00e9n Aguilar Valenzuela<\/p>\n<p>* En esta elecci\u00f3n plebiscitaria se logr\u00f3 que en la segunda vuelta votaran m\u00e1s ciudadanos que la primera, lo que no es com\u00fan.<\/p>\n<p>El presidente Juan Manuel Santos (Unidad Nacional) logr\u00f3 plantear con claridad cu\u00e1l era el sentido del voto en la segunda vuelta de la elecci\u00f3n presidencial en Colombia. La disyuntiva era entre la paz o seguir la guerra. Con el compromiso de continuar las negociaciones con la guerrilla logr\u00f3 el apoyo de la izquierda.<\/p>\n<p>\u00d3scar Iv\u00e1n Zuluaga (Centro Democr\u00e1tico), el candidato opositor, centr\u00f3 la primera etapa de la campa\u00f1a en descalificar la negociaci\u00f3n del gobierno con la guerrilla, y en un segundo momento matiz\u00f3 su posici\u00f3n y ofreci\u00f3 que de ganar continuar\u00eda el proceso, pero los que estaban porque se terminara la guerra no le creyeron.<\/p>\n<p>En esta elecci\u00f3n plebiscitaria se logr\u00f3 que en la segunda vuelta votaran m\u00e1s ciudadanos que en la primera, lo que no es com\u00fan. Santos sabe, as\u00ed lo reconoci\u00f3 en el discurso para celebrar su triunfo el domingo pasado, que se hizo con la victoria por el voto de los que quer\u00edan la paz, aunque son cr\u00edticos de su gobierno.<\/p>\n<p>Despu\u00e9s de 54 a\u00f1os de guerra y 220,000 muertos (179,000 civiles y 41,000 soldados y polic\u00edas), el presidente Santos, que ahora va a gobernar del 2014 al 2108, tiene la posibilidad de alcanzar la paz en la negociaci\u00f3n con las Fuerzas Armadas Revolucionarias de Colombia (FARC) y el Ej\u00e9rcito de Liberaci\u00f3n Nacional (ELN).<\/p>\n<p>Zuluaga, quien recibi\u00f3 el apoyo del presidente \u00c1lvaro Uribe (2002-2010), reconoci\u00f3 de inmediato su derrota. Lo que queda por verse es cu\u00e1l ser\u00e1 el papel que desde la oposici\u00f3n \u00e9l y Uribe, enemigo ac\u00e9rrimo de las FARC, van a seguir jugando frente a la negociaci\u00f3n del gobierno con la guerrilla. En los meses pasados hicieron todo por sabotear el proceso.<\/p>\n<p>La oposici\u00f3n no puede negar la realidad de que ahora hay un mandato mayoritario por continuar la negociaci\u00f3n que lleve a la desmovilizaci\u00f3n de las FARC y el ELN. Santos tampoco puede ignorar que su victoria fue por cinco puntos y que existe un amplio sector de la sociedad colombiana que se niega a la negociaci\u00f3n y prefiere, en los hechos, seguir con la guerra.<\/p>\n<p>El presidente ve que ha llegado el momento de poner fin al conflicto armado, \u201cpero la exigencia no es s\u00f3lo para el gobierno, sino tambi\u00e9n para las FARC y el ELN. \u00c9ste es el fin y hay que llegar a \u00e9l con seriedad y decisi\u00f3n. \u00c9ste es el fin de m\u00e1s de 50 a\u00f1os de violencia y nacimiento de una nueva Colombia en paz consigo misma\u201d.<\/p>\n<p>La fuerza de Santos, para imponerse en la segunda vuelta, viene de una alianza amplia con muchos sectores cuya causa com\u00fan es la paz, en la que destaca de manera se\u00f1alada las distintas fuerzas de izquierda. Si el presidente reelecto sabe articular esta fuerza se convierte en una oportunidad \u00fanica, para acelerar el proceso de negociaci\u00f3n y aprobar las leyes y reformas que exige el proceso. Vienen buenos tiempos para Colombia.<\/p>\n","protected":false},"excerpt":{"rendered":"<p>Rub\u00e9n Aguilar Valenzuela * En esta elecci\u00f3n plebiscitaria se logr\u00f3 que en la segunda vuelta votaran m\u00e1s ciudadanos que la primera, lo que no es com\u00fan. El presidente Juan Manuel Santos (Unidad Nacional) logr\u00f3 plantear con claridad cu\u00e1l era el sentido del voto en la segunda vuelta de la elecci\u00f3n presidencial en Colombia. La disyuntiva [&hellip;]<\/p>\n","protected":false},"author":1,"featured_media":32825,"comment_status":"open","ping_status":"open","sticky":false,"template":"","format":"standard","meta":{"om_disable_all_campaigns":false,"_monsterinsights_skip_tracking":false,"_monsterinsights_sitenote_active":false,"_monsterinsights_sitenote_note":"","_monsterinsights_sitenote_category":0,"footnotes":""},"categories":[12],"tags":[],"class_list":["post-32824","post","type-post","status-publish","format-standard","has-post-thumbnail","hentry","category-blugs"],"aioseo_notices":[],"_links":{"self":[{"href":"https:\/\/elcronistadigital.com\/index.php?rest_route=\/wp\/v2\/posts\/32824","targetHints":{"allow":["GET"]}}],"collection":[{"href":"https:\/\/elcronistadigital.com\/index.php?rest_route=\/wp\/v2\/posts"}],"about":[{"href":"https:\/\/elcronistadigital.com\/index.php?rest_route=\/wp\/v2\/types\/post"}],"author":[{"embeddable":true,"href":"https:\/\/elcronistadigital.com\/index.php?rest_route=\/wp\/v2\/users\/1"}],"replies":[{"embeddable":true,"href":"https:\/\/elcronistadigital.com\/index.php?rest_route=%2Fwp%2Fv2%2Fcomments&post=32824"}],"version-history":[{"count":2,"href":"https:\/\/elcronistadigital.com\/index.php?rest_route=\/wp\/v2\/posts\/32824\/revisions"}],"predecessor-version":[{"id":32827,"href":"https:\/\/elcronistadigital.com\/index.php?rest_route=\/wp\/v2\/posts\/32824\/revisions\/32827"}],"wp:featuredmedia":[{"embeddable":true,"href":"https:\/\/elcronistadigital.com\/index.php?rest_route=\/wp\/v2\/media\/32825"}],"wp:attachment":[{"href":"https:\/\/elcronistadigital.com\/index.php?rest_route=%2Fwp%2Fv2%2Fmedia&parent=32824"}],"wp:term":[{"taxonomy":"category","embeddable":true,"href":"https:\/\/elcronistadigital.com\/index.php?rest_route=%2Fwp%2Fv2%2Fcategories&post=32824"},{"taxonomy":"post_tag","embeddable":true,"href":"https:\/\/elcronistadigital.com\/index.php?rest_route=%2Fwp%2Fv2%2Ftags&post=32824"}],"curies":[{"name":"wp","href":"https:\/\/api.w.org\/{rel}","templated":true}]}}