{"id":32838,"date":"2014-06-19T07:09:33","date_gmt":"2014-06-19T13:09:33","guid":{"rendered":"http:\/\/elcronistadigital.com\/?p=32838"},"modified":"2014-06-19T07:09:33","modified_gmt":"2014-06-19T13:09:33","slug":"venezuela-condecora-a-gral-aviles","status":"publish","type":"post","link":"https:\/\/elcronistadigital.com\/?p=32838","title":{"rendered":"Venezuela condecora a Gral. Avil\u00e9s"},"content":{"rendered":"<div id=\"attachment_32839\" style=\"width: 310px\" class=\"wp-caption alignleft\"><a href=\"https:\/\/elcronistadigital.com\/?attachment_id=32839\" rel=\"attachment wp-att-32839\"><img loading=\"lazy\" decoding=\"async\" aria-describedby=\"caption-attachment-32839\" class=\"size-medium wp-image-32839\" alt=\"El general venezolano Angel Eduardo Medina Pinedo entrega la Orden al general Julio C\u00e9sar Avil\u00e9s.\" src=\"https:\/\/elcronistadigital.com\/wp-content\/uploads\/2014\/06\/Julio-C\u00e9sar-Avil\u00e9s-300x172.jpg\" width=\"300\" height=\"172\" srcset=\"https:\/\/elcronistadigital.com\/wp-content\/uploads\/2014\/06\/Julio-C\u00e9sar-Avil\u00e9s-300x172.jpg 300w, https:\/\/elcronistadigital.com\/wp-content\/uploads\/2014\/06\/Julio-C\u00e9sar-Avil\u00e9s-342x196.jpg 342w, https:\/\/elcronistadigital.com\/wp-content\/uploads\/2014\/06\/Julio-C\u00e9sar-Avil\u00e9s.jpg 695w\" sizes=\"auto, (max-width: 300px) 100vw, 300px\" \/><\/a><p id=\"caption-attachment-32839\" class=\"wp-caption-text\">El general venezolano Angel Eduardo Medina Pinedo entrega la Orden al general Julio C\u00e9sar Avil\u00e9s.<\/p><\/div>\n<p>El gobierno de Venezuela otorg\u00f3 la Orden Militar de la Defensa Nacional en el grado de Comendador, al jefe del Ej\u00e9rcito de Nicaragua, general Julio C\u00e9sar Avil\u00e9s, inform\u00f3 el mi\u00e9rcoles la oficina de prensa de la instituci\u00f3n nicarag\u00fcense.<\/p>\n<p>Este reconocimiento exalta los m\u00e9ritos y la conducta de quienes al ser o no venezolanos se hacen merecedores del reconocimiento por sus virtudes sobresalientes, sus valiosos aportes a la Seguridad de Defensa de la Rep\u00fablica, o sus eminentes contribuciones al desarrollo de la Fuerza Armada Nacional, reza el decreto del presidente venezolano.<\/p>\n<p>La instituci\u00f3n castrense nicarag\u00fcense inform\u00f3 en una nota citada por Xinhua, que la ceremonia de condecoraci\u00f3n del general Avil\u00e9s se realiz\u00f3 en la comandancia general \u00abEl Chipote\u00bb, en Managua.<\/p>\n<p>La Orden Militar de la Defensa Nacional de Venezuela fue impuesta por el general venezolano Angel Eduardo Medina Pinedo en representaci\u00f3n de la almirante en jefe Carmen Mel\u00e9ndez.<\/p>\n<p>A la ceremonia asistieron el inspector general, mayor general Adolfo Jos\u00e9 Zepeda Mart\u00ednez, oficiales generales y superiores miembros del Consejo Militar, personal de Agregadur\u00eda de Defensa y funcionarios de la embajada de la Rep\u00fablica Bolivariana de Venezuela. F<\/p>\n","protected":false},"excerpt":{"rendered":"<p>El gobierno de Venezuela otorg\u00f3 la Orden Militar de la Defensa Nacional en el grado de Comendador, al jefe del Ej\u00e9rcito de Nicaragua, general Julio C\u00e9sar Avil\u00e9s, inform\u00f3 el mi\u00e9rcoles la oficina de prensa de la instituci\u00f3n nicarag\u00fcense. Este reconocimiento exalta los m\u00e9ritos y la conducta de quienes al ser o no venezolanos se hacen [&hellip;]<\/p>\n","protected":false},"author":1,"featured_media":32839,"comment_status":"open","ping_status":"open","sticky":false,"template":"","format":"standard","meta":{"om_disable_all_campaigns":false,"_monsterinsights_skip_tracking":false,"_monsterinsights_sitenote_active":false,"_monsterinsights_sitenote_note":"","_monsterinsights_sitenote_category":0,"footnotes":""},"categories":[3],"tags":[],"class_list":["post-32838","post","type-post","status-publish","format-standard","has-post-thumbnail","hentry","category-nacionales"],"aioseo_notices":[],"_links":{"self":[{"href":"https:\/\/elcronistadigital.com\/index.php?rest_route=\/wp\/v2\/posts\/32838","targetHints":{"allow":["GET"]}}],"collection":[{"href":"https:\/\/elcronistadigital.com\/index.php?rest_route=\/wp\/v2\/posts"}],"about":[{"href":"https:\/\/elcronistadigital.com\/index.php?rest_route=\/wp\/v2\/types\/post"}],"author":[{"embeddable":true,"href":"https:\/\/elcronistadigital.com\/index.php?rest_route=\/wp\/v2\/users\/1"}],"replies":[{"embeddable":true,"href":"https:\/\/elcronistadigital.com\/index.php?rest_route=%2Fwp%2Fv2%2Fcomments&post=32838"}],"version-history":[{"count":1,"href":"https:\/\/elcronistadigital.com\/index.php?rest_route=\/wp\/v2\/posts\/32838\/revisions"}],"predecessor-version":[{"id":32840,"href":"https:\/\/elcronistadigital.com\/index.php?rest_route=\/wp\/v2\/posts\/32838\/revisions\/32840"}],"wp:featuredmedia":[{"embeddable":true,"href":"https:\/\/elcronistadigital.com\/index.php?rest_route=\/wp\/v2\/media\/32839"}],"wp:attachment":[{"href":"https:\/\/elcronistadigital.com\/index.php?rest_route=%2Fwp%2Fv2%2Fmedia&parent=32838"}],"wp:term":[{"taxonomy":"category","embeddable":true,"href":"https:\/\/elcronistadigital.com\/index.php?rest_route=%2Fwp%2Fv2%2Fcategories&post=32838"},{"taxonomy":"post_tag","embeddable":true,"href":"https:\/\/elcronistadigital.com\/index.php?rest_route=%2Fwp%2Fv2%2Ftags&post=32838"}],"curies":[{"name":"wp","href":"https:\/\/api.w.org\/{rel}","templated":true}]}}