{"id":32844,"date":"2014-06-19T07:27:51","date_gmt":"2014-06-19T13:27:51","guid":{"rendered":"http:\/\/elcronistadigital.com\/?p=32844"},"modified":"2014-06-19T07:27:51","modified_gmt":"2014-06-19T13:27:51","slug":"que-colombia-se-tome-su-tiempo","status":"publish","type":"post","link":"https:\/\/elcronistadigital.com\/?p=32844","title":{"rendered":"Que Colombia se tome su tiempo"},"content":{"rendered":"<div id=\"attachment_32845\" style=\"width: 310px\" class=\"wp-caption alignleft\"><a href=\"https:\/\/elcronistadigital.com\/?attachment_id=32845\" rel=\"attachment wp-att-32845\"><img loading=\"lazy\" decoding=\"async\" aria-describedby=\"caption-attachment-32845\" class=\"size-medium wp-image-32845\" alt=\"Samuel Santos, canciller de Nicaragua.\" src=\"https:\/\/elcronistadigital.com\/wp-content\/uploads\/2014\/06\/Samuel-Santos1-300x207.jpg\" width=\"300\" height=\"207\" srcset=\"https:\/\/elcronistadigital.com\/wp-content\/uploads\/2014\/06\/Samuel-Santos1-300x207.jpg 300w, https:\/\/elcronistadigital.com\/wp-content\/uploads\/2014\/06\/Samuel-Santos1-342x236.jpg 342w, https:\/\/elcronistadigital.com\/wp-content\/uploads\/2014\/06\/Samuel-Santos1.jpg 400w\" sizes=\"auto, (max-width: 300px) 100vw, 300px\" \/><\/a><p id=\"caption-attachment-32845\" class=\"wp-caption-text\">Samuel Santos, canciller de Nicaragua.<\/p><\/div>\n<p>El canciller de Nicaragua, Samuel Santos, dijo el mi\u00e9rcoles que es mejor dar \u201ctiempo\u201d a Colombia para que acepte el fallo de la Corte Internacional de Justicia (CIJ) sobre una extensi\u00f3n del mar Caribe restituido al pa\u00eds centroamericano.<\/p>\n<p>\u201cMejor no decir absolutamente nada, hay que trabajar, hay que entenderse y, como en todas las cosas, la mejor receta es el tiempo\u201d, dijo Santos citado por Acan Efe.<\/p>\n<p>El canciller nicarag\u00fcense respondi\u00f3 as\u00ed a las palabras del presidente colombiano Juan Manuel Santos, quien tras su reelecci\u00f3n del domingo pasado, insisti\u00f3 en que no acatar\u00e1 el fallo de la CIJ, seg\u00fan medios colombianos.<\/p>\n<p>\u201cEn esas cosas es mejor no hablar, lo m\u00e1s sano es no decir nada, porque hay muchas cosas que se dicen en la calentura que ocasionan las elecciones\u201d, sostuvo el diplom\u00e1tico.<\/p>\n<p>En noviembre de 2012 la CIJ otorg\u00f3 a Nicaragua una extensi\u00f3n del mar Caribe que Managua calcula en 100.000 kil\u00f3metros cuadrados y Bogot\u00e1 estima en 75.000 kil\u00f3metros cuadrados.<\/p>\n<p>El \u00e1rea estuvo administrada durante 84 a\u00f1os por los gobiernos colombianos.<\/p>\n<p>El presidente sudamericano ha mantenido que no acatar\u00e1 la decisi\u00f3n de la CIJ.<\/p>\n<p>El gobierno de Nicaragua sostiene que desde el d\u00eda del fallo sus fuerzas armadas ejercen soberan\u00eda sobre el \u00e1rea, sin que se registren incidentes con militares colombianos.<\/p>\n","protected":false},"excerpt":{"rendered":"<p>El canciller de Nicaragua, Samuel Santos, dijo el mi\u00e9rcoles que es mejor dar \u201ctiempo\u201d a Colombia para que acepte el fallo de la Corte Internacional de Justicia (CIJ) sobre una extensi\u00f3n del mar Caribe restituido al pa\u00eds centroamericano. \u201cMejor no decir absolutamente nada, hay que trabajar, hay que entenderse y, como en todas las cosas, [&hellip;]<\/p>\n","protected":false},"author":1,"featured_media":32845,"comment_status":"open","ping_status":"open","sticky":false,"template":"","format":"standard","meta":{"om_disable_all_campaigns":false,"_monsterinsights_skip_tracking":false,"_monsterinsights_sitenote_active":false,"_monsterinsights_sitenote_note":"","_monsterinsights_sitenote_category":0,"footnotes":""},"categories":[3524],"tags":[],"class_list":["post-32844","post","type-post","status-publish","format-standard","has-post-thumbnail","hentry","category-noticas"],"aioseo_notices":[],"_links":{"self":[{"href":"https:\/\/elcronistadigital.com\/index.php?rest_route=\/wp\/v2\/posts\/32844","targetHints":{"allow":["GET"]}}],"collection":[{"href":"https:\/\/elcronistadigital.com\/index.php?rest_route=\/wp\/v2\/posts"}],"about":[{"href":"https:\/\/elcronistadigital.com\/index.php?rest_route=\/wp\/v2\/types\/post"}],"author":[{"embeddable":true,"href":"https:\/\/elcronistadigital.com\/index.php?rest_route=\/wp\/v2\/users\/1"}],"replies":[{"embeddable":true,"href":"https:\/\/elcronistadigital.com\/index.php?rest_route=%2Fwp%2Fv2%2Fcomments&post=32844"}],"version-history":[{"count":1,"href":"https:\/\/elcronistadigital.com\/index.php?rest_route=\/wp\/v2\/posts\/32844\/revisions"}],"predecessor-version":[{"id":32846,"href":"https:\/\/elcronistadigital.com\/index.php?rest_route=\/wp\/v2\/posts\/32844\/revisions\/32846"}],"wp:featuredmedia":[{"embeddable":true,"href":"https:\/\/elcronistadigital.com\/index.php?rest_route=\/wp\/v2\/media\/32845"}],"wp:attachment":[{"href":"https:\/\/elcronistadigital.com\/index.php?rest_route=%2Fwp%2Fv2%2Fmedia&parent=32844"}],"wp:term":[{"taxonomy":"category","embeddable":true,"href":"https:\/\/elcronistadigital.com\/index.php?rest_route=%2Fwp%2Fv2%2Fcategories&post=32844"},{"taxonomy":"post_tag","embeddable":true,"href":"https:\/\/elcronistadigital.com\/index.php?rest_route=%2Fwp%2Fv2%2Ftags&post=32844"}],"curies":[{"name":"wp","href":"https:\/\/api.w.org\/{rel}","templated":true}]}}