{"id":32855,"date":"2014-06-19T09:36:21","date_gmt":"2014-06-19T15:36:21","guid":{"rendered":"http:\/\/elcronistadigital.com\/?p=32855"},"modified":"2014-06-19T09:36:21","modified_gmt":"2014-06-19T15:36:21","slug":"bronce-para-nicaragua-en-olimpiadas-matematicas","status":"publish","type":"post","link":"https:\/\/elcronistadigital.com\/?p=32855","title":{"rendered":"Bronce para Nicaragua en Olimpiadas Matem\u00e1ticas"},"content":{"rendered":"<p><a href=\"https:\/\/elcronistadigital.com\/?attachment_id=32856\" rel=\"attachment wp-att-32856\"><img loading=\"lazy\" decoding=\"async\" class=\"alignleft size-full wp-image-32856\" alt=\"bronce matem\u00e1tica\" src=\"https:\/\/elcronistadigital.com\/wp-content\/uploads\/2014\/06\/bronce-matem\u00e1tica.jpg\" width=\"392\" height=\"313\" srcset=\"https:\/\/elcronistadigital.com\/wp-content\/uploads\/2014\/06\/bronce-matem\u00e1tica.jpg 392w, https:\/\/elcronistadigital.com\/wp-content\/uploads\/2014\/06\/bronce-matem\u00e1tica-300x239.jpg 300w, https:\/\/elcronistadigital.com\/wp-content\/uploads\/2014\/06\/bronce-matem\u00e1tica-342x273.jpg 342w\" sizes=\"auto, (max-width: 392px) 100vw, 392px\" \/><\/a>Dos medallas de bronce y menci\u00f3n de honor para Nicaragua, fue el resultado de la delegaci\u00f3n pinolera en la XVI edici\u00f3n de las Olimpiadas Centroamericanas y el Caribe que se desarroll\u00f3 en Costa Rica, seg\u00fan inform\u00f3 la Universidad de Ingenier\u00eda (UNI).<\/p>\n<p>Nicaragua obtuvo el quinto lugar por encima de Costa Rica, Guatemala, Honduras, Jamaica, Venezuela, Rep\u00fablica Dominicana y Puerto Rico, aunque los primeros cuatro lugares son para M\u00e9xico, El Salvador, Colombia y Panam\u00e1, respectivamente.<\/p>\n<p>En esta edici\u00f3n, la delegaci\u00f3n nicarag\u00fcense acumul\u00f3 70 puntos y avanz\u00f3 de la posici\u00f3n n\u00famero 7 que ocupaba en el a\u00f1o 2013 a la posici\u00f3n n\u00famero 5, lo que significa que se va avanzando en el rendimiento competitivo de los j\u00f3venes ol\u00edmpicos que representan al pa\u00eds y que son estudiantes de la Academia Sabatina de J\u00f3venes Talento de la UNI.<\/p>\n<p>Teor\u00eda de n\u00fameros, geometr\u00eda, algebra y combinatoria fueron los temas en los que se basaron las dos pruebas, siendo el problema n\u00famero 5 el m\u00e1s dif\u00edcil y en el que la mayor\u00eda de las delegaciones presentaron dificultades.<\/p>\n<p>A finales del mes de septiembre se llevar\u00e1n a cabo en San Pedro Sula, Honduras, las Olimpiadas Iberoamericanas, por lo cual se seleccionar\u00e1 a cuatro estudiantes, de seis candidatos nicarag\u00fcenses, que se preparar\u00e1n para esta competencia acad\u00e9mica.<\/p>\n","protected":false},"excerpt":{"rendered":"<p>Dos medallas de bronce y menci\u00f3n de honor para Nicaragua, fue el resultado de la delegaci\u00f3n pinolera en la XVI edici\u00f3n de las Olimpiadas Centroamericanas y el Caribe que se desarroll\u00f3 en Costa Rica, seg\u00fan inform\u00f3 la Universidad de Ingenier\u00eda (UNI). Nicaragua obtuvo el quinto lugar por encima de Costa Rica, Guatemala, Honduras, Jamaica, Venezuela, [&hellip;]<\/p>\n","protected":false},"author":1,"featured_media":32856,"comment_status":"open","ping_status":"open","sticky":false,"template":"","format":"standard","meta":{"om_disable_all_campaigns":false,"_monsterinsights_skip_tracking":false,"_monsterinsights_sitenote_active":false,"_monsterinsights_sitenote_note":"","_monsterinsights_sitenote_category":0,"footnotes":""},"categories":[3524],"tags":[],"class_list":["post-32855","post","type-post","status-publish","format-standard","has-post-thumbnail","hentry","category-noticas"],"aioseo_notices":[],"_links":{"self":[{"href":"https:\/\/elcronistadigital.com\/index.php?rest_route=\/wp\/v2\/posts\/32855","targetHints":{"allow":["GET"]}}],"collection":[{"href":"https:\/\/elcronistadigital.com\/index.php?rest_route=\/wp\/v2\/posts"}],"about":[{"href":"https:\/\/elcronistadigital.com\/index.php?rest_route=\/wp\/v2\/types\/post"}],"author":[{"embeddable":true,"href":"https:\/\/elcronistadigital.com\/index.php?rest_route=\/wp\/v2\/users\/1"}],"replies":[{"embeddable":true,"href":"https:\/\/elcronistadigital.com\/index.php?rest_route=%2Fwp%2Fv2%2Fcomments&post=32855"}],"version-history":[{"count":1,"href":"https:\/\/elcronistadigital.com\/index.php?rest_route=\/wp\/v2\/posts\/32855\/revisions"}],"predecessor-version":[{"id":32857,"href":"https:\/\/elcronistadigital.com\/index.php?rest_route=\/wp\/v2\/posts\/32855\/revisions\/32857"}],"wp:featuredmedia":[{"embeddable":true,"href":"https:\/\/elcronistadigital.com\/index.php?rest_route=\/wp\/v2\/media\/32856"}],"wp:attachment":[{"href":"https:\/\/elcronistadigital.com\/index.php?rest_route=%2Fwp%2Fv2%2Fmedia&parent=32855"}],"wp:term":[{"taxonomy":"category","embeddable":true,"href":"https:\/\/elcronistadigital.com\/index.php?rest_route=%2Fwp%2Fv2%2Fcategories&post=32855"},{"taxonomy":"post_tag","embeddable":true,"href":"https:\/\/elcronistadigital.com\/index.php?rest_route=%2Fwp%2Fv2%2Ftags&post=32855"}],"curies":[{"name":"wp","href":"https:\/\/api.w.org\/{rel}","templated":true}]}}