{"id":32861,"date":"2014-06-19T15:57:00","date_gmt":"2014-06-19T21:57:00","guid":{"rendered":"http:\/\/elcronistadigital.com\/?p=32861"},"modified":"2014-06-19T15:57:00","modified_gmt":"2014-06-19T21:57:00","slug":"casos-sospechosos-de-chinkungunya-en-nicaragua-y-costa-rica","status":"publish","type":"post","link":"https:\/\/elcronistadigital.com\/?p=32861","title":{"rendered":"Casos sospechosos de chinkungunya en Nicaragua y Costa Rica"},"content":{"rendered":"<p><a href=\"https:\/\/elcronistadigital.com\/?attachment_id=32862\" rel=\"attachment wp-att-32862\"><img loading=\"lazy\" decoding=\"async\" class=\"alignleft size-medium wp-image-32862\" alt=\"zancudo\" src=\"https:\/\/elcronistadigital.com\/wp-content\/uploads\/2014\/06\/zancudo-300x229.jpg\" width=\"300\" height=\"229\" srcset=\"https:\/\/elcronistadigital.com\/wp-content\/uploads\/2014\/06\/zancudo-300x229.jpg 300w, https:\/\/elcronistadigital.com\/wp-content\/uploads\/2014\/06\/zancudo-342x262.jpg 342w, https:\/\/elcronistadigital.com\/wp-content\/uploads\/2014\/06\/zancudo-60x45.jpg 60w, https:\/\/elcronistadigital.com\/wp-content\/uploads\/2014\/06\/zancudo.jpg 587w\" sizes=\"auto, (max-width: 300px) 100vw, 300px\" \/><\/a>Centroam\u00e9rica est\u00e1 amenazada por la expansi\u00f3n de la chinkungunya, enfermedad que hasta este jueves impact\u00f3 a m\u00e1s de cuatro mil 500 personas y caus\u00f3 la muerte de 14 en este hemisferio, sobre todo en la regi\u00f3n caribe\u00f1a, inform\u00f3 Prensa Latina.<\/p>\n<p>La Organizaci\u00f3n Panamericana de la Salud (OPS) alert\u00f3 de la presencia del mal en El Salvador, donde afect\u00f3 a unas mil 119 personas, en tanto Nicaragua y Costa Rica toman previsiones por la sospecha de posibles perjudicados por ese mal aparecido por primera vez en 1952, en Tanzania.<\/p>\n<p>Con s\u00f3lo seis meses de incidencia en esta parte del mundo, a donde lleg\u00f3 tras expandirse por \u00c1frica y Asia, la chinkungunya acumula varias muertes: nueve en Martinica, tres en San Bartolom\u00e9, uno en Rep\u00fablica Dominicana y uno en Guadalupe, acorde con datos de la OPS, citados por el diario digital costarricense El Pa\u00eds.<\/p>\n<p>Esa organizaci\u00f3n regional report\u00f3 hasta el momento 18 casos en Rep\u00fablica Dominicana, donde se sospecha de la existencia de otros 77 mil 320, y 14 confirmados en Hait\u00ed a pesar de la posibilidad de contar hasta 11 mil 802 en ese territorio.<\/p>\n<p>Igual inform\u00f3 de siete casos importados en Brasil, dos en Panam\u00e1, dos en Venezuela y dos en Chile, a los que se suman los seis reportados por las autoridades de Cuba.<\/p>\n<p>El Ministerio de Salud P\u00fablica de esa naci\u00f3n caribe\u00f1a notific\u00f3 el mi\u00e9rcoles de la presencia del virus en la isla y precis\u00f3 que los casos detectados fueron importados desde Rep\u00fablica Dominicana y Hait\u00ed.<\/p>\n<p>Seg\u00fan la Agencia de Salud P\u00fablica Caribe\u00f1a (Carpha, en ingl\u00e9s), en la Guyana francesa hay 319 casos confirmados, 129 en Dominica, 142 en San Bartolom\u00e9, mil 515 en Martinica, mil 328 en Guadalupe, 793 en la parte francesa de San Mart\u00edn y 343 en la zona holandesa.<\/p>\n<p>Igual se han detectado contagios en Anguila, Antigua y Barbuda, Aruba, Barbados, las Islas V\u00edrgenes brit\u00e1nicas y estadounidenses, Guyana, Puerto Rico, San Crist\u00f3bal y Nieves, Santa Luc\u00eda, San Vicente y Las Granadinas, y Turcas y Caicos.<\/p>\n<p>Puerto Rico report\u00f3 23 casos y Estados Unidos admiti\u00f3 la existencia de 80, igual importados, as\u00ed como la posibilidad de que aumenten los brotes en el sur de ese pa\u00eds por la prevalencia de los vectores transmisores de ese mal para, para el cual todav\u00eda no existe cura ni vacuna.<\/p>\n<p>La chikungunya es adquirida a partir de la picada de dos mosquitos o zancudos, tambi\u00e9n transmisores del dengue: el Aedes Aegyptis y el Aedes albopictus.<\/p>\n<p>Esta es una enfermedad novedosa, que causa mucha incapacidad en quien la porte, explic\u00f3 el especialista de Vigilancia de la Salud, Roberto Castro, al diario digital Costa Rica Hoy, y record\u00f3 la necesidad de precaver, porque estos meses son de grandes precipitaciones de agua y eso favorece la multiplicaci\u00f3n de los agentes transmisores.<\/p>\n","protected":false},"excerpt":{"rendered":"<p>Centroam\u00e9rica est\u00e1 amenazada por la expansi\u00f3n de la chinkungunya, enfermedad que hasta este jueves impact\u00f3 a m\u00e1s de cuatro mil 500 personas y caus\u00f3 la muerte de 14 en este hemisferio, sobre todo en la regi\u00f3n caribe\u00f1a, inform\u00f3 Prensa Latina. La Organizaci\u00f3n Panamericana de la Salud (OPS) alert\u00f3 de la presencia del mal en El [&hellip;]<\/p>\n","protected":false},"author":1,"featured_media":32862,"comment_status":"open","ping_status":"open","sticky":false,"template":"","format":"standard","meta":{"om_disable_all_campaigns":false,"_monsterinsights_skip_tracking":false,"_monsterinsights_sitenote_active":false,"_monsterinsights_sitenote_note":"","_monsterinsights_sitenote_category":0,"footnotes":""},"categories":[7,3524],"tags":[],"class_list":["post-32861","post","type-post","status-publish","format-standard","has-post-thumbnail","hentry","category-salud-y-belleza","category-noticas"],"aioseo_notices":[],"_links":{"self":[{"href":"https:\/\/elcronistadigital.com\/index.php?rest_route=\/wp\/v2\/posts\/32861","targetHints":{"allow":["GET"]}}],"collection":[{"href":"https:\/\/elcronistadigital.com\/index.php?rest_route=\/wp\/v2\/posts"}],"about":[{"href":"https:\/\/elcronistadigital.com\/index.php?rest_route=\/wp\/v2\/types\/post"}],"author":[{"embeddable":true,"href":"https:\/\/elcronistadigital.com\/index.php?rest_route=\/wp\/v2\/users\/1"}],"replies":[{"embeddable":true,"href":"https:\/\/elcronistadigital.com\/index.php?rest_route=%2Fwp%2Fv2%2Fcomments&post=32861"}],"version-history":[{"count":1,"href":"https:\/\/elcronistadigital.com\/index.php?rest_route=\/wp\/v2\/posts\/32861\/revisions"}],"predecessor-version":[{"id":32863,"href":"https:\/\/elcronistadigital.com\/index.php?rest_route=\/wp\/v2\/posts\/32861\/revisions\/32863"}],"wp:featuredmedia":[{"embeddable":true,"href":"https:\/\/elcronistadigital.com\/index.php?rest_route=\/wp\/v2\/media\/32862"}],"wp:attachment":[{"href":"https:\/\/elcronistadigital.com\/index.php?rest_route=%2Fwp%2Fv2%2Fmedia&parent=32861"}],"wp:term":[{"taxonomy":"category","embeddable":true,"href":"https:\/\/elcronistadigital.com\/index.php?rest_route=%2Fwp%2Fv2%2Fcategories&post=32861"},{"taxonomy":"post_tag","embeddable":true,"href":"https:\/\/elcronistadigital.com\/index.php?rest_route=%2Fwp%2Fv2%2Ftags&post=32861"}],"curies":[{"name":"wp","href":"https:\/\/api.w.org\/{rel}","templated":true}]}}