{"id":32871,"date":"2014-06-19T16:52:04","date_gmt":"2014-06-19T22:52:04","guid":{"rendered":"http:\/\/elcronistadigital.com\/?p=32871"},"modified":"2014-06-19T16:52:04","modified_gmt":"2014-06-19T22:52:04","slug":"bielorrusia-interesada-en-canal","status":"publish","type":"post","link":"https:\/\/elcronistadigital.com\/?p=32871","title":{"rendered":"Bielorrusia interesada en canal"},"content":{"rendered":"<div id=\"attachment_32872\" style=\"width: 281px\" class=\"wp-caption alignleft\"><a href=\"https:\/\/elcronistadigital.com\/?attachment_id=32872\" rel=\"attachment wp-att-32872\"><img loading=\"lazy\" decoding=\"async\" aria-describedby=\"caption-attachment-32872\" class=\"size-full wp-image-32872\" alt=\"Samuel Santos y su hom\u00f3logo de Bielorrusia, Vladimir Makei.\" src=\"https:\/\/elcronistadigital.com\/wp-content\/uploads\/2014\/06\/Vladimir-Makei.jpg\" width=\"271\" height=\"186\" srcset=\"https:\/\/elcronistadigital.com\/wp-content\/uploads\/2014\/06\/Vladimir-Makei.jpg 271w, https:\/\/elcronistadigital.com\/wp-content\/uploads\/2014\/06\/Vladimir-Makei-269x186.jpg 269w\" sizes=\"auto, (max-width: 271px) 100vw, 271px\" \/><\/a><p id=\"caption-attachment-32872\" class=\"wp-caption-text\">Samuel Santos y su hom\u00f3logo de Bielorrusia, Vladimir Makei.<\/p><\/div>\n<p>El canciller de Belar\u00fas o Bielorrusia, Vladimir Makei, expres\u00f3 este jueves en Managua el inter\u00e9s de su pa\u00eds en participar en el proyecto del canal interoce\u00e1nico de Nicaragua, que seg\u00fan autoridades comenzar\u00e1 a construirse en diciembre pr\u00f3ximo.<\/p>\n<p>\u201cHemos discutido la posibilidad de nuestra cooperaci\u00f3n en agricultura, industria y la participaci\u00f3n en el proyecto del canal\u201d, dijo Makei, quien se reuni\u00f3 con autoridades nicarag\u00fcenses como parte de su visita a esta naci\u00f3n.<\/p>\n<p>A juicio del ministro de Asuntos Exteriores, el comercio bilateral no se corresponde en la actualidad al potencial existente y llam\u00f3 a desarrollarlo.<\/p>\n<p>En ese sentido, explic\u00f3 que el objetivo de su presencia aqu\u00ed reside en hacer todo lo posible para desarrollar las relaciones amistosas en beneficio de los dos pueblos.<\/p>\n<p>Buscamos establecer relaciones comerciales y de intercambio entre ambos gobiernos para fortalecer el \u00e1mbito cient\u00edfico-t\u00e9cnico de Nicaragua, se\u00f1al\u00f3 el titular en declaraciones divulgadas por el sitio El 19 Digital y reproducidas por Prensa Latina.<\/p>\n","protected":false},"excerpt":{"rendered":"<p>El canciller de Belar\u00fas o Bielorrusia, Vladimir Makei, expres\u00f3 este jueves en Managua el inter\u00e9s de su pa\u00eds en participar en el proyecto del canal interoce\u00e1nico de Nicaragua, que seg\u00fan autoridades comenzar\u00e1 a construirse en diciembre pr\u00f3ximo. \u201cHemos discutido la posibilidad de nuestra cooperaci\u00f3n en agricultura, industria y la participaci\u00f3n en el proyecto del canal\u201d, [&hellip;]<\/p>\n","protected":false},"author":1,"featured_media":32872,"comment_status":"open","ping_status":"open","sticky":false,"template":"","format":"standard","meta":{"om_disable_all_campaigns":false,"_monsterinsights_skip_tracking":false,"_monsterinsights_sitenote_active":false,"_monsterinsights_sitenote_note":"","_monsterinsights_sitenote_category":0,"footnotes":""},"categories":[3524],"tags":[],"class_list":["post-32871","post","type-post","status-publish","format-standard","has-post-thumbnail","hentry","category-noticas"],"aioseo_notices":[],"_links":{"self":[{"href":"https:\/\/elcronistadigital.com\/index.php?rest_route=\/wp\/v2\/posts\/32871","targetHints":{"allow":["GET"]}}],"collection":[{"href":"https:\/\/elcronistadigital.com\/index.php?rest_route=\/wp\/v2\/posts"}],"about":[{"href":"https:\/\/elcronistadigital.com\/index.php?rest_route=\/wp\/v2\/types\/post"}],"author":[{"embeddable":true,"href":"https:\/\/elcronistadigital.com\/index.php?rest_route=\/wp\/v2\/users\/1"}],"replies":[{"embeddable":true,"href":"https:\/\/elcronistadigital.com\/index.php?rest_route=%2Fwp%2Fv2%2Fcomments&post=32871"}],"version-history":[{"count":1,"href":"https:\/\/elcronistadigital.com\/index.php?rest_route=\/wp\/v2\/posts\/32871\/revisions"}],"predecessor-version":[{"id":32873,"href":"https:\/\/elcronistadigital.com\/index.php?rest_route=\/wp\/v2\/posts\/32871\/revisions\/32873"}],"wp:featuredmedia":[{"embeddable":true,"href":"https:\/\/elcronistadigital.com\/index.php?rest_route=\/wp\/v2\/media\/32872"}],"wp:attachment":[{"href":"https:\/\/elcronistadigital.com\/index.php?rest_route=%2Fwp%2Fv2%2Fmedia&parent=32871"}],"wp:term":[{"taxonomy":"category","embeddable":true,"href":"https:\/\/elcronistadigital.com\/index.php?rest_route=%2Fwp%2Fv2%2Fcategories&post=32871"},{"taxonomy":"post_tag","embeddable":true,"href":"https:\/\/elcronistadigital.com\/index.php?rest_route=%2Fwp%2Fv2%2Ftags&post=32871"}],"curies":[{"name":"wp","href":"https:\/\/api.w.org\/{rel}","templated":true}]}}