{"id":32874,"date":"2014-06-19T17:06:17","date_gmt":"2014-06-19T23:06:17","guid":{"rendered":"http:\/\/elcronistadigital.com\/?p=32874"},"modified":"2014-06-19T17:06:41","modified_gmt":"2014-06-19T23:06:41","slug":"felipe-vi-aboga-por-acercamiento-a-america-latina","status":"publish","type":"post","link":"https:\/\/elcronistadigital.com\/?p=32874","title":{"rendered":"Felipe VI aboga por acercamiento a Am\u00e9rica Latina"},"content":{"rendered":"<p><a href=\"https:\/\/elcronistadigital.com\/?attachment_id=32875\" rel=\"attachment wp-att-32875\"><img loading=\"lazy\" decoding=\"async\" class=\"alignleft size-medium wp-image-32875\" alt=\"Felipe VI\" src=\"https:\/\/elcronistadigital.com\/wp-content\/uploads\/2014\/06\/Felipe-VI-300x225.jpg\" width=\"300\" height=\"225\" srcset=\"https:\/\/elcronistadigital.com\/wp-content\/uploads\/2014\/06\/Felipe-VI-300x225.jpg 300w, https:\/\/elcronistadigital.com\/wp-content\/uploads\/2014\/06\/Felipe-VI-342x256.jpg 342w, https:\/\/elcronistadigital.com\/wp-content\/uploads\/2014\/06\/Felipe-VI-60x45.jpg 60w, https:\/\/elcronistadigital.com\/wp-content\/uploads\/2014\/06\/Felipe-VI-150x113.jpg 150w, https:\/\/elcronistadigital.com\/wp-content\/uploads\/2014\/06\/Felipe-VI-269x201.jpg 269w, https:\/\/elcronistadigital.com\/wp-content\/uploads\/2014\/06\/Felipe-VI.jpg 640w\" sizes=\"auto, (max-width: 300px) 100vw, 300px\" \/><\/a>Madrid.- En su primer discurso tras la proclamaci\u00f3n como monarca, en el Congreso de los Diputados, el rey habl\u00f3 acerca de las relaciones exteriores de Espa\u00f1a y mencion\u00f3 expresamente a los pa\u00edses iberoamericanos.<\/p>\n<p>\u201cNos unen la historia y lazos muy intensos de afecto y hermandad\u201d, dijo Felipe VI, quien subray\u00f3 que, adem\u00e1s, \u201cen las \u00faltimas d\u00e9cadas tambi\u00e9n nos unen intereses econ\u00f3micos crecientes y visiones cada vez m\u00e1s cercanas sobre lo global\u201d.<\/p>\n<p>Sobre todo, a unos y otros \u201cnos une nuestra lengua y nuestra cultura compartidas\u201d, lo que el monarca considera \u201cun activo de un inmenso valor que debemos potenciar con determinaci\u00f3n y generosidad\u201d.<\/p>\n<p>En el apartado de las relaciones internacionales, en el que \u201cEspa\u00f1a ocupa una posici\u00f3n privilegiada por su lugar en la geograf\u00eda y en la historia del mundo\u201c, el rey aludi\u00f3 a la vinculaci\u00f3n de ese pa\u00eds con Europa que fue \u201cuna aspiraci\u00f3n en el pasado\u201c.<\/p>\n<p>Ahora, \u201dEspa\u00f1a es Europa y nuestro deber es ayudar a construir una Europa fuerte, unida y solidaria, que preserve la cohesi\u00f3n social, afirme su posici\u00f3n en el mundo y consolide su liderazgo en los valores democr\u00e1ticos que compartimos\u201c.<\/p>\n<p>Esa actitud \u201dnos interesa porque tambi\u00e9n nos fortalecer\u00e1 hacia dentro\u201c, seg\u00fan el rey, para quien Europa \u201d no es un proyecto de pol\u00edtica exterior, es uno de los principales proyectos para el reino, para el Estado y para la sociedad\u201c.<\/p>\n","protected":false},"excerpt":{"rendered":"<p>Madrid.- En su primer discurso tras la proclamaci\u00f3n como monarca, en el Congreso de los Diputados, el rey habl\u00f3 acerca de las relaciones exteriores de Espa\u00f1a y mencion\u00f3 expresamente a los pa\u00edses iberoamericanos. \u201cNos unen la historia y lazos muy intensos de afecto y hermandad\u201d, dijo Felipe VI, quien subray\u00f3 que, adem\u00e1s, \u201cen las \u00faltimas [&hellip;]<\/p>\n","protected":false},"author":1,"featured_media":32875,"comment_status":"open","ping_status":"open","sticky":false,"template":"","format":"standard","meta":{"om_disable_all_campaigns":false,"_monsterinsights_skip_tracking":false,"_monsterinsights_sitenote_active":false,"_monsterinsights_sitenote_note":"","_monsterinsights_sitenote_category":0,"footnotes":""},"categories":[5],"tags":[],"class_list":["post-32874","post","type-post","status-publish","format-standard","has-post-thumbnail","hentry","category-mundo"],"aioseo_notices":[],"_links":{"self":[{"href":"https:\/\/elcronistadigital.com\/index.php?rest_route=\/wp\/v2\/posts\/32874","targetHints":{"allow":["GET"]}}],"collection":[{"href":"https:\/\/elcronistadigital.com\/index.php?rest_route=\/wp\/v2\/posts"}],"about":[{"href":"https:\/\/elcronistadigital.com\/index.php?rest_route=\/wp\/v2\/types\/post"}],"author":[{"embeddable":true,"href":"https:\/\/elcronistadigital.com\/index.php?rest_route=\/wp\/v2\/users\/1"}],"replies":[{"embeddable":true,"href":"https:\/\/elcronistadigital.com\/index.php?rest_route=%2Fwp%2Fv2%2Fcomments&post=32874"}],"version-history":[{"count":1,"href":"https:\/\/elcronistadigital.com\/index.php?rest_route=\/wp\/v2\/posts\/32874\/revisions"}],"predecessor-version":[{"id":32876,"href":"https:\/\/elcronistadigital.com\/index.php?rest_route=\/wp\/v2\/posts\/32874\/revisions\/32876"}],"wp:featuredmedia":[{"embeddable":true,"href":"https:\/\/elcronistadigital.com\/index.php?rest_route=\/wp\/v2\/media\/32875"}],"wp:attachment":[{"href":"https:\/\/elcronistadigital.com\/index.php?rest_route=%2Fwp%2Fv2%2Fmedia&parent=32874"}],"wp:term":[{"taxonomy":"category","embeddable":true,"href":"https:\/\/elcronistadigital.com\/index.php?rest_route=%2Fwp%2Fv2%2Fcategories&post=32874"},{"taxonomy":"post_tag","embeddable":true,"href":"https:\/\/elcronistadigital.com\/index.php?rest_route=%2Fwp%2Fv2%2Ftags&post=32874"}],"curies":[{"name":"wp","href":"https:\/\/api.w.org\/{rel}","templated":true}]}}