{"id":32877,"date":"2014-06-19T17:20:45","date_gmt":"2014-06-19T23:20:45","guid":{"rendered":"http:\/\/elcronistadigital.com\/?p=32877"},"modified":"2014-06-19T17:20:45","modified_gmt":"2014-06-19T23:20:45","slug":"capacitan-en-costa-rica-a-microempresarios-migrantes-de-nicaragua","status":"publish","type":"post","link":"https:\/\/elcronistadigital.com\/?p=32877","title":{"rendered":"Capacitan en Costa Rica a microempresarios migrantes de Nicaragua"},"content":{"rendered":"<p><a href=\"https:\/\/elcronistadigital.com\/?attachment_id=32878\" rel=\"attachment wp-att-32878\"><img loading=\"lazy\" decoding=\"async\" class=\"alignleft size-medium wp-image-32878\" alt=\"empresas nicas en tico\" src=\"https:\/\/elcronistadigital.com\/wp-content\/uploads\/2014\/06\/empresas-nicas-en-tico-300x149.jpg\" width=\"300\" height=\"149\" srcset=\"https:\/\/elcronistadigital.com\/wp-content\/uploads\/2014\/06\/empresas-nicas-en-tico-300x149.jpg 300w, https:\/\/elcronistadigital.com\/wp-content\/uploads\/2014\/06\/empresas-nicas-en-tico-342x170.jpg 342w, https:\/\/elcronistadigital.com\/wp-content\/uploads\/2014\/06\/empresas-nicas-en-tico.jpg 469w\" sizes=\"auto, (max-width: 300px) 100vw, 300px\" \/><\/a>\u2022 56% de capacitados corresponde a mujeres con m\u00e1s de 10 a\u00f1os de vivir en naci\u00f3n vecina, procedentes adem\u00e1s de otros pa\u00edses.<\/p>\n<p>Fundes, organizaci\u00f3n promotora del desarrollo de micro, peque\u00f1as y medianas empresas (mipymes) con el apoyo de Fundaci\u00f3n Avina, ha puesto en marcha un proyecto de fortalecimiento de capacidades para micro empresarios extranjeros, entre estos nicarag\u00fcenses.<\/p>\n<p>El objetivo del primer seminario fue intercambiar experiencias entre los participantes y dotar de conocimiento administrativos ya empleados en el mundo empresarial para mejorar el ingreso de estos emprendedores.<\/p>\n<p>De acuerdo al Censo del 2011, m\u00e1s del 12% de la poblaci\u00f3n costarricense est\u00e1 constituida por extranjeros. En el aspecto laboral la poblaci\u00f3n migrante se desarrolla en la rama de la agricultura, ganader\u00eda, silvicultura y pesca en un 18%, seguido por el sector comercial en 16,5%.<\/p>\n<p>Seg\u00fan Katia Cambronero, consultora de Fundes, con este proyecto la instituci\u00f3n pretende ser un aliado de los sectores productivos del pa\u00eds, fortaleciendo la actividad que realiza el microempresario, transfiri\u00e9ndole nuevas competencias empresariales que les permita mejorar los resultados de su negocio en temas como ventas, fidelizaci\u00f3n de cliente y oportunidad de integrarse a redes de comercializaci\u00f3n de sus productos; en esta primera fase son 20 adultos j\u00f3venes -56% de ellos mujeres- con un promedio de 10 a\u00f1os de vivir en Costa Rica<\/p>\n<p>El proyecto contempla dos componentes: uno de capacitaci\u00f3n y otro de asistencia t\u00e9cnica mediante un acompa\u00f1amiento individual en el lugar de operaci\u00f3n del negocio, que tiene como fin el desarrollo de la t\u00e9cnicas empresariales analizadas en los talleres o capacitaciones seg\u00fan la realidad, los recursos y el contexto de cada emprendedor.<\/p>\n<p>\u201cEste proyecto nos entusiasma, ya que Fundaci\u00f3n Avina, dentro de su visi\u00f3n de trabajo en el tema migratorio busca fortalecer y visibilizar el aporte de los migrantes en la econom\u00eda local y entender los flujos migratorios desde una l\u00f3gica inclusiva y sostenible\u201d, indic\u00f3 Mar\u00eda Jos\u00e9 Meza, Gerente de Fundaci\u00f3n Avina Costa Rica.<\/p>\n<p>\u201cLa presencia de los patrocinadores es una de las claves de \u00e9xito en los proyectos Fundes. En este caso espec\u00edfico, Avina proporciona los recurso econ\u00f3micos que permiten la ejecuci\u00f3n del proyecto\u201d, aclar\u00f3 la experta.<\/p>\n","protected":false},"excerpt":{"rendered":"<p>\u2022 56% de capacitados corresponde a mujeres con m\u00e1s de 10 a\u00f1os de vivir en naci\u00f3n vecina, procedentes adem\u00e1s de otros pa\u00edses. Fundes, organizaci\u00f3n promotora del desarrollo de micro, peque\u00f1as y medianas empresas (mipymes) con el apoyo de Fundaci\u00f3n Avina, ha puesto en marcha un proyecto de fortalecimiento de capacidades para micro empresarios extranjeros, entre [&hellip;]<\/p>\n","protected":false},"author":1,"featured_media":32878,"comment_status":"open","ping_status":"open","sticky":false,"template":"","format":"standard","meta":{"om_disable_all_campaigns":false,"_monsterinsights_skip_tracking":false,"_monsterinsights_sitenote_active":false,"_monsterinsights_sitenote_note":"","_monsterinsights_sitenote_category":0,"footnotes":""},"categories":[3,16],"tags":[],"class_list":["post-32877","post","type-post","status-publish","format-standard","has-post-thumbnail","hentry","category-nacionales","category-migrante"],"aioseo_notices":[],"_links":{"self":[{"href":"https:\/\/elcronistadigital.com\/index.php?rest_route=\/wp\/v2\/posts\/32877","targetHints":{"allow":["GET"]}}],"collection":[{"href":"https:\/\/elcronistadigital.com\/index.php?rest_route=\/wp\/v2\/posts"}],"about":[{"href":"https:\/\/elcronistadigital.com\/index.php?rest_route=\/wp\/v2\/types\/post"}],"author":[{"embeddable":true,"href":"https:\/\/elcronistadigital.com\/index.php?rest_route=\/wp\/v2\/users\/1"}],"replies":[{"embeddable":true,"href":"https:\/\/elcronistadigital.com\/index.php?rest_route=%2Fwp%2Fv2%2Fcomments&post=32877"}],"version-history":[{"count":1,"href":"https:\/\/elcronistadigital.com\/index.php?rest_route=\/wp\/v2\/posts\/32877\/revisions"}],"predecessor-version":[{"id":32879,"href":"https:\/\/elcronistadigital.com\/index.php?rest_route=\/wp\/v2\/posts\/32877\/revisions\/32879"}],"wp:featuredmedia":[{"embeddable":true,"href":"https:\/\/elcronistadigital.com\/index.php?rest_route=\/wp\/v2\/media\/32878"}],"wp:attachment":[{"href":"https:\/\/elcronistadigital.com\/index.php?rest_route=%2Fwp%2Fv2%2Fmedia&parent=32877"}],"wp:term":[{"taxonomy":"category","embeddable":true,"href":"https:\/\/elcronistadigital.com\/index.php?rest_route=%2Fwp%2Fv2%2Fcategories&post=32877"},{"taxonomy":"post_tag","embeddable":true,"href":"https:\/\/elcronistadigital.com\/index.php?rest_route=%2Fwp%2Fv2%2Ftags&post=32877"}],"curies":[{"name":"wp","href":"https:\/\/api.w.org\/{rel}","templated":true}]}}