{"id":32883,"date":"2014-06-19T17:55:13","date_gmt":"2014-06-19T23:55:13","guid":{"rendered":"http:\/\/elcronistadigital.com\/?p=32883"},"modified":"2014-06-19T18:10:54","modified_gmt":"2014-06-20T00:10:54","slug":"la-venganza-del-comandante-cero","status":"publish","type":"post","link":"https:\/\/elcronistadigital.com\/?p=32883","title":{"rendered":"La venganza del Comandante Cero"},"content":{"rendered":"<div id=\"attachment_32884\" style=\"width: 310px\" class=\"wp-caption alignleft\"><a href=\"https:\/\/elcronistadigital.com\/?attachment_id=32884\" rel=\"attachment wp-att-32884\"><img loading=\"lazy\" decoding=\"async\" aria-describedby=\"caption-attachment-32884\" class=\"size-full wp-image-32884\" alt=\"Ed\u00e9n Pastora, el Comandante Cero.\" src=\"https:\/\/elcronistadigital.com\/wp-content\/uploads\/2014\/06\/Ed\u00e9n-Pastora-G..jpg\" width=\"300\" height=\"263\" \/><\/a><p id=\"caption-attachment-32884\" class=\"wp-caption-text\">Ed\u00e9n Pastora, el Comandante Cero.<\/p><\/div>\n<p>Juan Jes\u00fas Aznarez<br \/>\nMadrid | El Pa\u00eds<\/p>\n<p>La historia de Am\u00e9rica Central abarca episodios tan terribles como el inducido por la viuda del nicarag\u00fcense P\u00e1nfilo Pastora, que persigui\u00f3 a los asesinos de su esposo durante diez a\u00f1os, sin piedad ni descanso, hasta el d\u00eda en que los sicarios pagados para hacer justicia le entregaron la \u00faltima cabeza. Elsi G\u00f3mez, no volvi\u00f3 a ir a misa, ni a comulgar, ni a confesarse, pero muri\u00f3 apaciblemente, convencida de que Dios hab\u00eda entendido su venganza. \u201cMi mam\u00e1 era arrecha, cosa seria. De esa leche mam\u00e9 yo\u201d, se enorgullece en Madrid, Ed\u00e9n Pastora, conocido como Comandante Cero desde que el 22 de agosto de 1978 asaltara el Palacio Nacional de Managua, tomando a m\u00e1s de 2000 rehenes, entre ellos a todos los diputados, \u201cun atajo de cerdos que le hac\u00edan el juego a la sucesi\u00f3n din\u00e1stica. Por eso se le llam\u00f3 \u2018operaci\u00f3n chanchera\u2019 (cochiquera). Un a\u00f1o despu\u00e9s ca\u00eda el tirano Anastasio Somoza.<\/p>\n<p>Las generaciones de las nuevas tecnolog\u00edas apenas saben de las aventuras y desventuras de este hombre de 78 a\u00f1os, que cumple el sue\u00f1o de cuatro decenios para el gobierno de Nicaragua: limpiar el delta del r\u00edo San Juan, fronterizo con Costa Rica, para hacerlo navegable e incorporarlo a la soberan\u00eda nacional. Costa Rica ha protestado la draga y en \u00faltima instancia decidir\u00e1 el Tribunal Internacional de la Haya. De paso por Espa\u00f1a en gesti\u00f3n empresarial, el ex guerrillero, que se dice socialdem\u00f3crata, desvela detalles in\u00e9ditos sobre un hecho cardinal en su vida: la muerte de su padre a manos del general Camilo Gonz\u00e1lez, jefe de estado mayor del Ej\u00e9rcito de Anastasio Somoza Garc\u00eda (1895-1956), para arrebatarle la finca familiar.<\/p>\n<p>Aquel gorila somocista, tenido como uno de los homicidas del h\u00e9roe nacional Augusto C\u00e9sar Sandino (1894-1935), se mov\u00eda por Nicaragua con un malet\u00edn de dinero y una metralleta Thompson: compraba propiedades ganaderas por cuatro perras y asesinaba a los campesinos que le rechazaban. P\u00e1nfilo Pastora fue uno de ellos. Ed\u00e9n ten\u00eda ocho a\u00f1os cuando lo mataron \u201cMis hermanos varones dejaron a mi madre toda la responsabilidad. Lamento haber tenido ocho a\u00f1os. Si llego a tener 15, no queda ni el gato en casa de los asesinos, que estaban claramente identificados. \u201d. Una partida de pistoleros fue tras ellos. A los 30 d\u00edas, la viuda mand\u00f3 matar al primero, al a\u00f1o, al segundo y a los diez a\u00f1os, al tercero. \u201cS\u00ed, porque cuando mand\u00f3 a quebrarse al primero y al segundo, el tercero se perdi\u00f3. Mi madre, lo busc\u00f3 y lo busc\u00f3; pagaba y pagaba para que le dieran informaci\u00f3n de d\u00f3nde estaba, hasta que lleg\u00f3 un campesino y le dijo \u201cAh\u00ed est\u00e1. Antenor S\u00e1nchez acaba de llegar al valle. Cuando mi madre lo supo, a los treinta d\u00edas ya le hab\u00edan puesto 42 machetazos, los dos \u00faltimos en el cuello para llevarse la cabeza\u201d.<br \/>\nComo el Comandante Cero heredo el brav\u00edo temperamento materno, se sublev\u00f3 a tiros contra Somoza para hacer posible una revoluci\u00f3n libre y democr\u00e1tica en la Nicaragua de los muertos de hambre. Pero el Frente Sandinista de Liberaci\u00f3n Nacional (FSLN) condujo la revoluci\u00f3n hacia el marxismo leninismo, hacia la dictadura, seg\u00fan la denuncia de Pastora, y, en 1981, renunci\u00f3 a sus cargos oficiales. Volvi\u00f3 a la guerrilla armada contra la direcci\u00f3n sandinista, conspir\u00f3 con la CIA y, cosas de la vida y de la pol\u00edtica, se amig\u00f3 con Ortega hacia 2007. Ahora es su delegado en la draga nacionalista.<\/p>\n<p>Ed\u00e9n Pastora niega que haya engendrado 19 hijos. \u201cSon 21 y todos tienen mi apellido, me respetan y me quieren. Ha habido tiempo para la guerra y para el amor\u201d. El miliciano tuvo tiempo durante sus a\u00f1os de exilio, trincheras y bombas, y tambi\u00e9n cuando le invad\u00eda la tristeza, porque Pastora ha matado mucho y le han querido matar, pero uno puede morirse riendo y sufrir como un perro cundo se pierde la familia por los principios, seg\u00fan recuerda en una conversaci\u00f3n madrile\u00f1a distendida, tangencialmente pol\u00edtica, divertida cuando recuerda su reuni\u00f3n con el ex presidente costarricense Jos\u00e9 Figueres (1906-1990) para pedirle armas.<\/p>\n<p>\u201cMe dio unas cuantas granadas de mano y me dijo: \u201cYo no las necesito pero como ustedes todav\u00eda andan mat\u00e1ndose\u2026\u201d Una de ellas la lanz\u00f3 Pastora contra los seis soldados que le salieron al paso durante la toma del Palacio Nacional. \u201cSolt\u00e9 la anilla y la lanc\u00e9. Esperaba que hubiera explotado al contar siete, como me dijeron pero nada. Cont\u00e9 hasta 21 y nada. Los soldados se hab\u00edan refugiado detr\u00e1s de unas columnas, pero volvieron al ver que no estallaba. De repente explot\u00f3 y cayeron los seis. Resulta que las granadas de don Pepe Figueres ten\u00edan la mecha fr\u00eda y tardaron en activarse\u201d.<\/p>\n<p>El recuento de las \u2019travesuras\u2019 de Ed\u00e9n Pastora ser\u00eda enciclop\u00e9dico y obligar\u00eda a una inmersi\u00f3n en las selvas y conspiraciones centroamericanas, en sus pesquer\u00edas de tibur\u00f3n, en sus quimeras y tragedias; tambi\u00e9n, en las recurrentes ruinas econ\u00f3micas de un hombre que vendi\u00f3 su le\u00f3n vegetariano y el anillo de oro regalado por el caudillo paname\u00f1o Omar Torrijos (1929-1981). La fiera y su due\u00f1o eran herb\u00edvoros a fuerza. \u201cEl hideputa me ped\u00eda carne cuando ni yo la com\u00eda\u201d. Hay que avanzar a saltos sobre el macondiano comandante para llegar a junio del 2014 y encontrarle al frente de una flotilla de dragas en el r\u00edo San Juan, desatascando su desembocadura al mar Caribe, tamponada por la Espa\u00f1a colonial para impedir la entrada de corsarios. \u201cLe dije a Daniel (Ortega) que esas tierras del r\u00edo son Nicaragua y estaban olvidadas de Dios y de los hombres. Ahora, hacemos soberan\u00eda todos los d\u00edas. Cada gramo de arena que sacamos del r\u00edo es soberan\u00eda\u201d.<\/p>\n<p>Un so\u00f1ador con visos de loco<\/p>\n<p>J. J. A<\/p>\n<p>P. Muchos j\u00f3venes no saben qui\u00e9n es Ed\u00e9n Pastora, ni el Comandante Cero.<\/p>\n<p>R. Es un luchador social que se vio obligado a entrar en la pol\u00edtica armada en la Nicaragua de mi juventud porque Somoza no nos dej\u00f3 otro camino que el espantoso camino de la guerra. Era de la \u00fanica forma que pod\u00edamos luchar socialmente en beneficio del pueblo con la esperanza de tomar el poder y hacer una revoluci\u00f3n en libertad y democracia. Soy un so\u00f1ador, un rom\u00e1ntico, un idealista, a veces con visos de loco y aventurero porque los revolucionarios necesitamos de toda esas cosas. Si fu\u00e9ramos cuerdos el cien por ciento no har\u00edamos esas cosas.<\/p>\n<p>P. \u00bfCuando se sabr\u00e1 toda la verdad sobre la revoluci\u00f3n sandinista?<\/p>\n<p>R. La historia de la revoluci\u00f3n bolchevique se ha escrito cinco veces falsa. Hasta que desaparecieron todos los actores pol\u00edticos no pudo escribirse la verdadera. Hasta que no hayamos muertos todos nosotros no se sabr\u00e1 la historia verdadera de Nicaragua<\/p>\n<p>P. \u00bfEso quiere decir que tiene papeles escritos que no se conocen?<\/p>\n<p>&#8211; S\u00ed.<\/p>\n<p>P. \u00bfSaldr\u00e1n al a luz?<\/p>\n<p>R. Van a salir, pero vete saber cu\u00e1ndo. Hay cuatro cajones de cart\u00f3n llenos de papeles. Yo le digo a mi mujer: \u201cYolanda, eso es lo \u00fanico que te dejo. V\u00e9ndelo, pedacito, a pedacito. Ah\u00ed hay sapos, culebras y tiburones. Cuento tambi\u00e9n c\u00f3mo fue que mi madre hizo justicia.<\/p>\n","protected":false},"excerpt":{"rendered":"<p>Juan Jes\u00fas Aznarez Madrid | El Pa\u00eds La historia de Am\u00e9rica Central abarca episodios tan terribles como el inducido por la viuda del nicarag\u00fcense P\u00e1nfilo Pastora, que persigui\u00f3 a los asesinos de su esposo durante diez a\u00f1os, sin piedad ni descanso, hasta el d\u00eda en que los sicarios pagados para hacer justicia le entregaron la [&hellip;]<\/p>\n","protected":false},"author":1,"featured_media":32884,"comment_status":"open","ping_status":"open","sticky":false,"template":"","format":"standard","meta":{"om_disable_all_campaigns":false,"_monsterinsights_skip_tracking":false,"_monsterinsights_sitenote_active":false,"_monsterinsights_sitenote_note":"","_monsterinsights_sitenote_category":0,"footnotes":""},"categories":[3524,13],"tags":[],"class_list":["post-32883","post","type-post","status-publish","format-standard","has-post-thumbnail","hentry","category-noticas","category-portada"],"aioseo_notices":[],"_links":{"self":[{"href":"https:\/\/elcronistadigital.com\/index.php?rest_route=\/wp\/v2\/posts\/32883","targetHints":{"allow":["GET"]}}],"collection":[{"href":"https:\/\/elcronistadigital.com\/index.php?rest_route=\/wp\/v2\/posts"}],"about":[{"href":"https:\/\/elcronistadigital.com\/index.php?rest_route=\/wp\/v2\/types\/post"}],"author":[{"embeddable":true,"href":"https:\/\/elcronistadigital.com\/index.php?rest_route=\/wp\/v2\/users\/1"}],"replies":[{"embeddable":true,"href":"https:\/\/elcronistadigital.com\/index.php?rest_route=%2Fwp%2Fv2%2Fcomments&post=32883"}],"version-history":[{"count":2,"href":"https:\/\/elcronistadigital.com\/index.php?rest_route=\/wp\/v2\/posts\/32883\/revisions"}],"predecessor-version":[{"id":32890,"href":"https:\/\/elcronistadigital.com\/index.php?rest_route=\/wp\/v2\/posts\/32883\/revisions\/32890"}],"wp:featuredmedia":[{"embeddable":true,"href":"https:\/\/elcronistadigital.com\/index.php?rest_route=\/wp\/v2\/media\/32884"}],"wp:attachment":[{"href":"https:\/\/elcronistadigital.com\/index.php?rest_route=%2Fwp%2Fv2%2Fmedia&parent=32883"}],"wp:term":[{"taxonomy":"category","embeddable":true,"href":"https:\/\/elcronistadigital.com\/index.php?rest_route=%2Fwp%2Fv2%2Fcategories&post=32883"},{"taxonomy":"post_tag","embeddable":true,"href":"https:\/\/elcronistadigital.com\/index.php?rest_route=%2Fwp%2Fv2%2Ftags&post=32883"}],"curies":[{"name":"wp","href":"https:\/\/api.w.org\/{rel}","templated":true}]}}