{"id":32886,"date":"2014-06-19T18:07:32","date_gmt":"2014-06-20T00:07:32","guid":{"rendered":"http:\/\/elcronistadigital.com\/?p=32886"},"modified":"2014-06-19T18:08:51","modified_gmt":"2014-06-20T00:08:51","slug":"ortega-alude-tangencialmente-incumplimiento-de-colombia","status":"publish","type":"post","link":"https:\/\/elcronistadigital.com\/?p=32886","title":{"rendered":"Ortega alude tangencialmente incumplimiento de Colombia"},"content":{"rendered":"<p><a href=\"https:\/\/elcronistadigital.com\/?attachment_id=32887\" rel=\"attachment wp-att-32887\"><img loading=\"lazy\" decoding=\"async\" class=\"alignleft size-medium wp-image-32887\" alt=\"daniel y santos\" src=\"https:\/\/elcronistadigital.com\/wp-content\/uploads\/2014\/06\/daniel-y-santos-300x163.jpg\" width=\"300\" height=\"163\" srcset=\"https:\/\/elcronistadigital.com\/wp-content\/uploads\/2014\/06\/daniel-y-santos-300x163.jpg 300w, https:\/\/elcronistadigital.com\/wp-content\/uploads\/2014\/06\/daniel-y-santos.jpg 304w\" sizes=\"auto, (max-width: 300px) 100vw, 300px\" \/><\/a>El presidente de Nicaragua, Daniel Ortega, felicit\u00f3 este jueves a su par colombiano, Juan Manuel Santos, por su reelecci\u00f3n, abog\u00f3 por la paz en el pa\u00eds sudamericano, y aludi\u00f3 al conflicto de l\u00edmites en el Caribe tras el fallo de la Corte de La Haya que devolvi\u00f3 m\u00e1s de 90 mil kil\u00f3metros de mar Caribe a nuestra naci\u00f3n.<\/p>\n<p>Ortega se tom\u00f3 varios d\u00edas para felicitar a su colega colombiano, en un mensaje dirigido al \u00abhermano presidente\u00bb y divulgado por la vocer\u00eda presidencial, se\u00f1ala la agencia T\u00e9lam.<\/p>\n<p>En ese texto el mandatario nicarag\u00fcense se\u00f1al\u00f3 que el triunfo electoral de Santos en segunda vuelta \u00abratifica la necesidad impostergable del pueblo colombiano de avanzar por caminos de unidad y de recuperaci\u00f3n de la armon\u00eda y la convivencia social\u00bb.<\/p>\n<p>Ortega le dese\u00f3 a Colombia y al pueblo colombiano \u00abmuchos \u00e9xitos en su propuesta\u00bb de paz, agreg\u00f3 la carta tras recordar que Nicaragua super\u00f3 una cruenta guerra que estremeci\u00f3 al pa\u00eds en la d\u00e9cada del 80, report\u00f3 la agencia DPA.<\/p>\n<p>Tambi\u00e9n hizo una aparente alusi\u00f3n a las tensiones de los \u00faltimos a\u00f1os entre Nicaragua y Colombia, debido a un litigio en el Mar Caribe, se\u00f1alando que \u00abnuestros pueblos nos exigen encontrar rumbos de unidad y de complementariedad\u00bb.<\/p>\n<p>En noviembre de 2012, la Corte Internacional de Justicia (CIJ) de La Haya adjudic\u00f3 a Managua casi 90.0000 kil\u00f3metros cuadrados en el Mar Caribe que antes estaban bajo tutela colombiana, mediante una sentencia que el gobierno de Bogot\u00e1 se reh\u00fasa a acatar.<\/p>\n<p>El vicepresidente nicarag\u00fcense, Omar Halleslevens, dijo esta semana que esperaba que Santos acate en su segundo mandato el fallo de la CIJ, ya que en Colombia y en el exterior existen voces a favor de que las autoridades colombianas reconsideren su posici\u00f3n.<\/p>\n","protected":false},"excerpt":{"rendered":"<p>El presidente de Nicaragua, Daniel Ortega, felicit\u00f3 este jueves a su par colombiano, Juan Manuel Santos, por su reelecci\u00f3n, abog\u00f3 por la paz en el pa\u00eds sudamericano, y aludi\u00f3 al conflicto de l\u00edmites en el Caribe tras el fallo de la Corte de La Haya que devolvi\u00f3 m\u00e1s de 90 mil kil\u00f3metros de mar Caribe [&hellip;]<\/p>\n","protected":false},"author":1,"featured_media":32887,"comment_status":"open","ping_status":"open","sticky":false,"template":"","format":"standard","meta":{"om_disable_all_campaigns":false,"_monsterinsights_skip_tracking":false,"_monsterinsights_sitenote_active":false,"_monsterinsights_sitenote_note":"","_monsterinsights_sitenote_category":0,"footnotes":""},"categories":[3524],"tags":[],"class_list":["post-32886","post","type-post","status-publish","format-standard","has-post-thumbnail","hentry","category-noticas"],"aioseo_notices":[],"_links":{"self":[{"href":"https:\/\/elcronistadigital.com\/index.php?rest_route=\/wp\/v2\/posts\/32886","targetHints":{"allow":["GET"]}}],"collection":[{"href":"https:\/\/elcronistadigital.com\/index.php?rest_route=\/wp\/v2\/posts"}],"about":[{"href":"https:\/\/elcronistadigital.com\/index.php?rest_route=\/wp\/v2\/types\/post"}],"author":[{"embeddable":true,"href":"https:\/\/elcronistadigital.com\/index.php?rest_route=\/wp\/v2\/users\/1"}],"replies":[{"embeddable":true,"href":"https:\/\/elcronistadigital.com\/index.php?rest_route=%2Fwp%2Fv2%2Fcomments&post=32886"}],"version-history":[{"count":2,"href":"https:\/\/elcronistadigital.com\/index.php?rest_route=\/wp\/v2\/posts\/32886\/revisions"}],"predecessor-version":[{"id":32889,"href":"https:\/\/elcronistadigital.com\/index.php?rest_route=\/wp\/v2\/posts\/32886\/revisions\/32889"}],"wp:featuredmedia":[{"embeddable":true,"href":"https:\/\/elcronistadigital.com\/index.php?rest_route=\/wp\/v2\/media\/32887"}],"wp:attachment":[{"href":"https:\/\/elcronistadigital.com\/index.php?rest_route=%2Fwp%2Fv2%2Fmedia&parent=32886"}],"wp:term":[{"taxonomy":"category","embeddable":true,"href":"https:\/\/elcronistadigital.com\/index.php?rest_route=%2Fwp%2Fv2%2Fcategories&post=32886"},{"taxonomy":"post_tag","embeddable":true,"href":"https:\/\/elcronistadigital.com\/index.php?rest_route=%2Fwp%2Fv2%2Ftags&post=32886"}],"curies":[{"name":"wp","href":"https:\/\/api.w.org\/{rel}","templated":true}]}}