{"id":32891,"date":"2014-06-20T07:02:20","date_gmt":"2014-06-20T13:02:20","guid":{"rendered":"http:\/\/elcronistadigital.com\/?p=32891"},"modified":"2014-06-20T07:02:20","modified_gmt":"2014-06-20T13:02:20","slug":"frijol-y-maiz-importado-vendran-en-julio","status":"publish","type":"post","link":"https:\/\/elcronistadigital.com\/?p=32891","title":{"rendered":"Frijol y ma\u00edz importado vendr\u00e1n en julio"},"content":{"rendered":"<p><a href=\"https:\/\/elcronistadigital.com\/?attachment_id=32892\" rel=\"attachment wp-att-32892\"><img loading=\"lazy\" decoding=\"async\" class=\"alignleft size-full wp-image-32892\" alt=\"ma\u00edz y frijol\" src=\"https:\/\/elcronistadigital.com\/wp-content\/uploads\/2014\/06\/ma\u00edz-y-frijol.jpg\" width=\"275\" height=\"183\" \/><\/a>Los primeros embarques de frijoles rojos y ma\u00edz blanco llegar\u00e1n a Nicaragua a partir de julio, con lo que el gobierno espera paliar la crisis provocada por la escasez de dichos granos de consumo diario.<\/p>\n<p>\u00abYa se est\u00e1n haciendo contratos de importaci\u00f3n de fr\u00edjol y esperamos que los primeros embarques de fr\u00edjol lleguen en julio, igual hay un primer embarque de ma\u00edz\u00bb, dijo el ministro nicarag\u00fcense de Fomento, Industria y Comercio (Mific), Orlando Sol\u00f3rzano, al Canal 4.<\/p>\n<p>Nicaragua autoriz\u00f3 la semana pasada la importaci\u00f3n libre de aranceles de 73.000 toneladas m\u00e9tricas de ma\u00edz blanco y 20.000 de fr\u00edjol rojo ante el desabastecimiento de esos productos y para evitar que las empresas distribuidoras locales contin\u00faen aumentando los precios.<\/p>\n<p>El funcionario asegur\u00f3 que en la actualidad se encuentran \u00abpreocupados y pendientes\u00bb por el desabastecimiento de esos granos y que a diario hacen una inspecci\u00f3n en los mercados y supermercados sobre su abastecimiento y los precios.<\/p>\n<p>\u00abVamos a garantizar el abastecimiento\u00bb de esos granos \u00abpara garantizar un precio justo\u00bb, indic\u00f3, citado por Efe.<\/p>\n<p>A trav\u00e9s de un acuerdo ministerial, Nicaragua autoriz\u00f3 la importaci\u00f3n del fr\u00edjol rojo y del ma\u00edz blanco desde cualquier pa\u00eds miembro de la Organizaci\u00f3n Mundial de Comercio (OMC) y estar\u00e1n libres del pago de Derecho Arancelario a la Importaci\u00f3n hasta el 30 de septiembre pr\u00f3ximo.<\/p>\n<p>El objetivo de autorizar esa importaci\u00f3n, seg\u00fan el acuerdo, es enfrentar el alto costo y desabastecimiento de esos granos en el mercado nacional.<\/p>\n<p>El quintal de ma\u00edz blanco (44,5 kilos) se cotiza en la actualidad a entre 31,9 y 32,3 d\u00f3lares, seg\u00fan los comerciantes.<\/p>\n<p>En tanto, el precio del fr\u00edjol rojo se ha triplicado hasta casi alcanzar los dos d\u00f3lares por kilogramo.<\/p>\n<p>Los nicarag\u00fcenses consumen un promedio de 2,7 millones de quintales de fr\u00edjol rojo cada a\u00f1o, ya que no tienen el fr\u00edjol negro en su dieta.<\/p>\n","protected":false},"excerpt":{"rendered":"<p>Los primeros embarques de frijoles rojos y ma\u00edz blanco llegar\u00e1n a Nicaragua a partir de julio, con lo que el gobierno espera paliar la crisis provocada por la escasez de dichos granos de consumo diario. \u00abYa se est\u00e1n haciendo contratos de importaci\u00f3n de fr\u00edjol y esperamos que los primeros embarques de fr\u00edjol lleguen en julio, [&hellip;]<\/p>\n","protected":false},"author":1,"featured_media":32892,"comment_status":"open","ping_status":"open","sticky":false,"template":"","format":"standard","meta":{"om_disable_all_campaigns":false,"_monsterinsights_skip_tracking":false,"_monsterinsights_sitenote_active":false,"_monsterinsights_sitenote_note":"","_monsterinsights_sitenote_category":0,"footnotes":""},"categories":[3524],"tags":[],"class_list":["post-32891","post","type-post","status-publish","format-standard","has-post-thumbnail","hentry","category-noticas"],"aioseo_notices":[],"_links":{"self":[{"href":"https:\/\/elcronistadigital.com\/index.php?rest_route=\/wp\/v2\/posts\/32891","targetHints":{"allow":["GET"]}}],"collection":[{"href":"https:\/\/elcronistadigital.com\/index.php?rest_route=\/wp\/v2\/posts"}],"about":[{"href":"https:\/\/elcronistadigital.com\/index.php?rest_route=\/wp\/v2\/types\/post"}],"author":[{"embeddable":true,"href":"https:\/\/elcronistadigital.com\/index.php?rest_route=\/wp\/v2\/users\/1"}],"replies":[{"embeddable":true,"href":"https:\/\/elcronistadigital.com\/index.php?rest_route=%2Fwp%2Fv2%2Fcomments&post=32891"}],"version-history":[{"count":1,"href":"https:\/\/elcronistadigital.com\/index.php?rest_route=\/wp\/v2\/posts\/32891\/revisions"}],"predecessor-version":[{"id":32893,"href":"https:\/\/elcronistadigital.com\/index.php?rest_route=\/wp\/v2\/posts\/32891\/revisions\/32893"}],"wp:featuredmedia":[{"embeddable":true,"href":"https:\/\/elcronistadigital.com\/index.php?rest_route=\/wp\/v2\/media\/32892"}],"wp:attachment":[{"href":"https:\/\/elcronistadigital.com\/index.php?rest_route=%2Fwp%2Fv2%2Fmedia&parent=32891"}],"wp:term":[{"taxonomy":"category","embeddable":true,"href":"https:\/\/elcronistadigital.com\/index.php?rest_route=%2Fwp%2Fv2%2Fcategories&post=32891"},{"taxonomy":"post_tag","embeddable":true,"href":"https:\/\/elcronistadigital.com\/index.php?rest_route=%2Fwp%2Fv2%2Ftags&post=32891"}],"curies":[{"name":"wp","href":"https:\/\/api.w.org\/{rel}","templated":true}]}}