{"id":32904,"date":"2014-06-20T18:32:54","date_gmt":"2014-06-21T00:32:54","guid":{"rendered":"http:\/\/elcronistadigital.com\/?p=32904"},"modified":"2014-06-20T18:32:54","modified_gmt":"2014-06-21T00:32:54","slug":"festival-icaro-abre-convocatoria","status":"publish","type":"post","link":"https:\/\/elcronistadigital.com\/?p=32904","title":{"rendered":"Festival \u00cdcaro abre convocatoria"},"content":{"rendered":"<p><a href=\"https:\/\/elcronistadigital.com\/?attachment_id=32905\" rel=\"attachment wp-att-32905\"><img loading=\"lazy\" decoding=\"async\" class=\"alignleft size-medium wp-image-32905\" alt=\"Icaro 2014\" src=\"https:\/\/elcronistadigital.com\/wp-content\/uploads\/2014\/06\/Icaro-2014-300x205.jpg\" width=\"300\" height=\"205\" srcset=\"https:\/\/elcronistadigital.com\/wp-content\/uploads\/2014\/06\/Icaro-2014-300x205.jpg 300w, https:\/\/elcronistadigital.com\/wp-content\/uploads\/2014\/06\/Icaro-2014-342x234.jpg 342w, https:\/\/elcronistadigital.com\/wp-content\/uploads\/2014\/06\/Icaro-2014.jpg 689w\" sizes=\"auto, (max-width: 300px) 100vw, 300px\" \/><\/a>\u2022 Apertura inicia con inscripci\u00f3n on line de piezas cinematogr\u00e1ficas<\/p>\n<p>El \u00cdcaro, Festival Internacional de Cine en Centroam\u00e9rica, abre su convocatoria para ser parte de su XVII edici\u00f3n. Las categor\u00edas de competencia son Centroamericana e Internacional; en la primera, pueden participar realizadoras y realizadores de todo el istmo o extranjeros con m\u00e1s de cinco a\u00f1os de residencia en cualquier pa\u00eds de la regi\u00f3n y en la segunda, cineastas del resto del mundo.<\/p>\n<p>Para participar basta con descargar la ficha de inscripci\u00f3n disponible en www.festivalicaro.com y enviarla durante el per\u00edodo de la convocatoria que finaliza el 31 de julio de 2014. Para quedar oficialmente inscrito se debe enviar el link de descarga, definido como privado, a trav\u00e9s de las plataformas Vimeo o Youtube a festivalicaro@casacomal.org.<\/p>\n<p>El Festival \u00cdcaro Nicaragua 2014 se realizar\u00e1 del 20 al 27 de agosto con la presentaci\u00f3n de las obras ganadoras y nominadas a diferentes premios a nivel regional, adem\u00e1s de un marat\u00f3n de obras nacionales en competencia y pel\u00edculas invitadas. \u201cTambi\u00e9n estar\u00e1 El campus central, espacio de formaci\u00f3n de talleres intensivos sobre el quehacer cinematogr\u00e1fico impartido por expertos para mejorar la calidad del cine nacional\u201d, se\u00f1al\u00f3 la cineasta Mar\u00eda Jos\u00e9 \u00c1lvarez.<\/p>\n<p>En Nicaragua se celebra la X edici\u00f3n de este festival y se dedica al cineasta Jos\u00e9 Esteban L\u00f3pez, con m\u00e1s de 34 a\u00f1os de trayectoria, siendo el \u00fanico gaffer o especialista de iluminaci\u00f3n del pa\u00eds. La organizaci\u00f3n en el pa\u00eds est\u00e1 a cargo de Luna Films (Mar\u00eda Jos\u00e9 \u00c1lvarez y Martha Clarissa Hern\u00e1ndez) y Lupe-Lupe Producciones (Grace Gonz\u00e1lez y Natalia Hern\u00e1ndez) quienes apuestan a la creaci\u00f3n de una industria cinematogr\u00e1fica centroamericana.<\/p>\n<p>Adem\u00e1s de la estatuilla a la mejor obra audiovisual en cada categor\u00eda, el \u00cdcaro Regional entregar\u00e1 reconocimientos t\u00e9cnico-art\u00edsticos a los centroamericanos en las categor\u00edas de: Mejor Direcci\u00f3n, Mejor Fotograf\u00eda, Mejor Gui\u00f3n, Mejor Producci\u00f3n, Mejor Sonido, Mejor Edici\u00f3n, Mejor Direcci\u00f3n, Mejor Actuaci\u00f3n femenina, Mejor Actuaci\u00f3n masculina.<\/p>\n<p>Durante 2013, Nicaragua logr\u00f3 tres premios a nivel centroamericano: Premio de la Industria obtenido por Camila Films con el proyecto \u201cLa pantalla desnuda\u201d; Premio a mejor animaci\u00f3n para Rodolfo Neira y Mejor documental corto para \u201cLih Wina\u201d de Dania Torres.<\/p>\n<p>Los nicarag\u00fcenses que deseen participar en el Festival \u00cdcaro Nicaragua pueden enviar tres copias de su material en DVD a Luna Film, ubicado en reparto Los Robles, casa N\u00ba 23 o entregarlos en la casa D-23 del residencial Rubenia, ambos en Managua.<\/p>\n","protected":false},"excerpt":{"rendered":"<p>\u2022 Apertura inicia con inscripci\u00f3n on line de piezas cinematogr\u00e1ficas El \u00cdcaro, Festival Internacional de Cine en Centroam\u00e9rica, abre su convocatoria para ser parte de su XVII edici\u00f3n. Las categor\u00edas de competencia son Centroamericana e Internacional; en la primera, pueden participar realizadoras y realizadores de todo el istmo o extranjeros con m\u00e1s de cinco a\u00f1os [&hellip;]<\/p>\n","protected":false},"author":1,"featured_media":32905,"comment_status":"open","ping_status":"open","sticky":false,"template":"","format":"standard","meta":{"om_disable_all_campaigns":false,"_monsterinsights_skip_tracking":false,"_monsterinsights_sitenote_active":false,"_monsterinsights_sitenote_note":"","_monsterinsights_sitenote_category":0,"footnotes":""},"categories":[3,10],"tags":[],"class_list":["post-32904","post","type-post","status-publish","format-standard","has-post-thumbnail","hentry","category-nacionales","category-cultura"],"aioseo_notices":[],"_links":{"self":[{"href":"https:\/\/elcronistadigital.com\/index.php?rest_route=\/wp\/v2\/posts\/32904","targetHints":{"allow":["GET"]}}],"collection":[{"href":"https:\/\/elcronistadigital.com\/index.php?rest_route=\/wp\/v2\/posts"}],"about":[{"href":"https:\/\/elcronistadigital.com\/index.php?rest_route=\/wp\/v2\/types\/post"}],"author":[{"embeddable":true,"href":"https:\/\/elcronistadigital.com\/index.php?rest_route=\/wp\/v2\/users\/1"}],"replies":[{"embeddable":true,"href":"https:\/\/elcronistadigital.com\/index.php?rest_route=%2Fwp%2Fv2%2Fcomments&post=32904"}],"version-history":[{"count":1,"href":"https:\/\/elcronistadigital.com\/index.php?rest_route=\/wp\/v2\/posts\/32904\/revisions"}],"predecessor-version":[{"id":32906,"href":"https:\/\/elcronistadigital.com\/index.php?rest_route=\/wp\/v2\/posts\/32904\/revisions\/32906"}],"wp:featuredmedia":[{"embeddable":true,"href":"https:\/\/elcronistadigital.com\/index.php?rest_route=\/wp\/v2\/media\/32905"}],"wp:attachment":[{"href":"https:\/\/elcronistadigital.com\/index.php?rest_route=%2Fwp%2Fv2%2Fmedia&parent=32904"}],"wp:term":[{"taxonomy":"category","embeddable":true,"href":"https:\/\/elcronistadigital.com\/index.php?rest_route=%2Fwp%2Fv2%2Fcategories&post=32904"},{"taxonomy":"post_tag","embeddable":true,"href":"https:\/\/elcronistadigital.com\/index.php?rest_route=%2Fwp%2Fv2%2Ftags&post=32904"}],"curies":[{"name":"wp","href":"https:\/\/api.w.org\/{rel}","templated":true}]}}