{"id":32910,"date":"2014-06-20T18:59:23","date_gmt":"2014-06-21T00:59:23","guid":{"rendered":"http:\/\/elcronistadigital.com\/?p=32910"},"modified":"2014-06-20T19:00:27","modified_gmt":"2014-06-21T01:00:27","slug":"ai-seguir-ejemplo-de-chile-sobre-el-aborto","status":"publish","type":"post","link":"https:\/\/elcronistadigital.com\/?p=32910","title":{"rendered":"AI:seguir ejemplo de Chile sobre el aborto"},"content":{"rendered":"<p><a href=\"https:\/\/elcronistadigital.com\/?attachment_id=32911\" rel=\"attachment wp-att-32911\"><img loading=\"lazy\" decoding=\"async\" class=\"alignleft size-full wp-image-32911\" alt=\"aborto si\" src=\"https:\/\/elcronistadigital.com\/wp-content\/uploads\/2014\/06\/aborto-si.jpg\" width=\"299\" height=\"168\" \/><\/a>Santiago de Chile.- Tras el compromiso de Chile de despenalizar el aborto cuando el embarazo sea resultado de una violaci\u00f3n, la mujer corra peligro o el feto no sea viable, Amnist\u00eda Internacional (AI) ha solicitado a El Salvador, Nicaragua, Honduras y Rep\u00fablica Dominicana que \u00absigan el ejemplo chileno\u00bb.<\/p>\n<p>En un comunicado difundido este viernes en Santiago, la directora de AI para Am\u00e9rica, Erika Guevara, ha felicitado a Chile \u00abpor estar dispuesto a respetar y proteger el derecho de las mujeres y las ni\u00f1as a la vida y a no sufrir discriminaci\u00f3n\u00bb.<\/p>\n<p>El pasado mayo, la presidenta chilena, Michelle Bachelet, anunci\u00f3 que el gobierno iba a reformar la ley del aborto en el pa\u00eds austral, despenaliz\u00e1ndolo en tres situaciones: inviabilidad del feto, peligro para la vida de la madre y en casos de violaci\u00f3n.<\/p>\n<p>Guevara se\u00f1al\u00f3 que espera que la decisi\u00f3n de Chile sirva \u00abde llamada de atenci\u00f3n\u00bb a El Salvador, Nicaragua, Honduras y Rep\u00fablica Dominicana para que \u00abpongan en marcha planes para proteger los derechos de la mujer\u00bb.<\/p>\n<p>Chile formaba parte de los cinco pa\u00edses donde la prohibici\u00f3n del aborto es absoluta hasta que decidi\u00f3 seguir las recomendaciones del Consejo de Derechos Humanos de la ONU en el proceso de examen peri\u00f3dico universal (EPU).<\/p>\n<p>\u00abAunque las reformas propuestas en la actualidad se refieren s\u00f3lo a la despenalizaci\u00f3n del aborto en tres casos, Chile est\u00e1 reconociendo por fin la necesidad de ajustar su legislaci\u00f3n a las normas internacionales de derechos humanos, lo que constituye un positivo primer paso en la buena direcci\u00f3n\u00bb, se\u00f1al\u00f3 la representante de AI en Am\u00e9rica.<\/p>\n<p>El aborto se prohibi\u00f3 en Chile en 1989, durante la dictadura de Augusto Pinochet.<\/p>\n<p>El pasado marzo, Amnist\u00eda Internacional lanz\u00f3 la campa\u00f1a global \u00abMi cuerpo, mis derechos\u00bb para proteger el derecho de las personas a tomar decisiones sobre su salud, su cuerpo, su sexualidad y su reproducci\u00f3n sin el control del Estado y sin temor, coacci\u00f3n ni discriminaci\u00f3n.<\/p>\n","protected":false},"excerpt":{"rendered":"<p>Santiago de Chile.- Tras el compromiso de Chile de despenalizar el aborto cuando el embarazo sea resultado de una violaci\u00f3n, la mujer corra peligro o el feto no sea viable, Amnist\u00eda Internacional (AI) ha solicitado a El Salvador, Nicaragua, Honduras y Rep\u00fablica Dominicana que \u00absigan el ejemplo chileno\u00bb. En un comunicado difundido este viernes en [&hellip;]<\/p>\n","protected":false},"author":1,"featured_media":32911,"comment_status":"open","ping_status":"open","sticky":false,"template":"","format":"standard","meta":{"om_disable_all_campaigns":false,"_monsterinsights_skip_tracking":false,"_monsterinsights_sitenote_active":false,"_monsterinsights_sitenote_note":"","_monsterinsights_sitenote_category":0,"footnotes":""},"categories":[3524],"tags":[],"class_list":["post-32910","post","type-post","status-publish","format-standard","has-post-thumbnail","hentry","category-noticas"],"aioseo_notices":[],"_links":{"self":[{"href":"https:\/\/elcronistadigital.com\/index.php?rest_route=\/wp\/v2\/posts\/32910","targetHints":{"allow":["GET"]}}],"collection":[{"href":"https:\/\/elcronistadigital.com\/index.php?rest_route=\/wp\/v2\/posts"}],"about":[{"href":"https:\/\/elcronistadigital.com\/index.php?rest_route=\/wp\/v2\/types\/post"}],"author":[{"embeddable":true,"href":"https:\/\/elcronistadigital.com\/index.php?rest_route=\/wp\/v2\/users\/1"}],"replies":[{"embeddable":true,"href":"https:\/\/elcronistadigital.com\/index.php?rest_route=%2Fwp%2Fv2%2Fcomments&post=32910"}],"version-history":[{"count":2,"href":"https:\/\/elcronistadigital.com\/index.php?rest_route=\/wp\/v2\/posts\/32910\/revisions"}],"predecessor-version":[{"id":32913,"href":"https:\/\/elcronistadigital.com\/index.php?rest_route=\/wp\/v2\/posts\/32910\/revisions\/32913"}],"wp:featuredmedia":[{"embeddable":true,"href":"https:\/\/elcronistadigital.com\/index.php?rest_route=\/wp\/v2\/media\/32911"}],"wp:attachment":[{"href":"https:\/\/elcronistadigital.com\/index.php?rest_route=%2Fwp%2Fv2%2Fmedia&parent=32910"}],"wp:term":[{"taxonomy":"category","embeddable":true,"href":"https:\/\/elcronistadigital.com\/index.php?rest_route=%2Fwp%2Fv2%2Fcategories&post=32910"},{"taxonomy":"post_tag","embeddable":true,"href":"https:\/\/elcronistadigital.com\/index.php?rest_route=%2Fwp%2Fv2%2Ftags&post=32910"}],"curies":[{"name":"wp","href":"https:\/\/api.w.org\/{rel}","templated":true}]}}