{"id":32914,"date":"2014-06-20T19:24:40","date_gmt":"2014-06-21T01:24:40","guid":{"rendered":"http:\/\/elcronistadigital.com\/?p=32914"},"modified":"2014-06-20T19:24:40","modified_gmt":"2014-06-21T01:24:40","slug":"nadie-vio-irse-a-los-ninos","status":"publish","type":"post","link":"https:\/\/elcronistadigital.com\/?p=32914","title":{"rendered":"\u00bfNadie vio irse a los ni\u00f1os?"},"content":{"rendered":"<p><a href=\"https:\/\/elcronistadigital.com\/?attachment_id=32916\" rel=\"attachment wp-att-32916\"><img loading=\"lazy\" decoding=\"async\" class=\"alignleft size-full wp-image-32916\" alt=\"beb\u00e9 migrante\" src=\"https:\/\/elcronistadigital.com\/wp-content\/uploads\/2014\/06\/beb\u00e9-migrante1.jpg\" width=\"500\" height=\"331\" srcset=\"https:\/\/elcronistadigital.com\/wp-content\/uploads\/2014\/06\/beb\u00e9-migrante1.jpg 500w, https:\/\/elcronistadigital.com\/wp-content\/uploads\/2014\/06\/beb\u00e9-migrante1-300x198.jpg 300w, https:\/\/elcronistadigital.com\/wp-content\/uploads\/2014\/06\/beb\u00e9-migrante1-342x226.jpg 342w\" sizes=\"auto, (max-width: 500px) 100vw, 500px\" \/><\/a>Miles de ni\u00f1os centroamericanos han estado cruzando las fronteras de sus respectivos pa\u00edses desde hace varios a\u00f1os, mientras las autoridades hacen que no los ven o que no se dan cuenta de la migraci\u00f3n de los peque\u00f1os hacia Estados Unidos, muchas veces sin acompa\u00f1antes adultos.<\/p>\n<p>La crisis que atraviesan esos chavalos y chavalas ahora, provoc\u00f3 que dirigentes de diferentes organizaciones centroamericanas en Estados Unidos, se unieron esta semana para abogar a favor de los ni\u00f1os migrantes del Istmo que sufren en medio de gran precariedad en centros de detenci\u00f3n.<\/p>\n<p>Desde hace unas semanas, centenares de ni\u00f1os de Nicaragua, Honduras, El Salvador y Guatemala se encuentran recluidos en diferentes centros de detenci\u00f3n de migrantes, entre ellos algunos de Nogales y Arizona.<\/p>\n<p>El inhumano trato que estos menores han recibido ha despertado la alerta de las autoridades de pa\u00edses centroamericanos, que de forma tard\u00eda buscan la forma de resolver la situaci\u00f3n de los menores y frenar este viejo pero ahora masivo fen\u00f3meno migratorio, se\u00f1ala el diario hondure\u00f1o El Heraldo.<\/p>\n<p>\u201cNos hemos unido para apoyar a los ni\u00f1os y a los padres de familia que desconocen el paradero de estos menores que han llegado a Estados Unidos\u201d, dijo Francisco Portillo, presidente de la organizaci\u00f3n hondure\u00f1a Francisco Moraz\u00e1n, en Miami, Florida.<\/p>\n<p>Portillo inform\u00f3 que habilitaron el n\u00famero 001-305-643-5840 para que padres de familia que desconozcan d\u00f3nde est\u00e1n sus hijos se comuniquen a la organizaci\u00f3n hondure\u00f1a. Adem\u00e1s indic\u00f3 que pueden visitar las oficinas ubicadas en la 43 NW 27 avenida, Miami, Florida 33125, para llevar fotograf\u00edas de sus menores extraviados.<\/p>\n<p>Pero tambi\u00e9n apunt\u00f3 que las organizaciones centroamericanas, representadas por Herman Mart\u00ednez y Pedro Garc\u00eda de la Fundaci\u00f3n Salvadore\u00f1a Americana; Enrique Castillo del Club Nicarag\u00fcense Dem\u00f3crata y Bernardo Villela de la Fundaci\u00f3n Guatemalteca Americana, hicieron una en\u00e9rgica petici\u00f3n a sus compatriotas.<\/p>\n<p>\u201cEstamos pidiendo a todos los padres que eviten mandar a sus hijos de forma ilegal, que eviten poner en riesgo a sus hijos y que despu\u00e9s lleguen a estos centros, donde de verdad viven d\u00edas muy dif\u00edciles\u201d, coment\u00f3.<\/p>\n<p>El l\u00edder hondure\u00f1o en Estados Unidos indic\u00f3 que la desinformaci\u00f3n caus\u00f3 un descontrol en la migraci\u00f3n de menores. \u201cEl problema fue que en un inicio se dieron casos en los que migraci\u00f3n atrap\u00f3 a varias mujeres con sus hijos y las dejaban en libertad, les daban procesos de migraci\u00f3n, las enviaban a la corte y les ced\u00edan permisos\u201d, record\u00f3.<\/p>\n<p>\u201cPero se desinform\u00f3 a los compatriotas, se les dijo que esto era seguro y se volvi\u00f3 una oleada tremenda de ni\u00f1os y mujeres emigrantes\u201d, agreg\u00f3.<\/p>\n<p>En esta oportunidad, las organizaciones de emigrantes centroamericanos tambi\u00e9n se unieron para hacer un r\u00edgido llamado de atenci\u00f3n a las autoridades de cada pa\u00eds.<\/p>\n<p>\u201cNuestros gobiernos han actuado de forma irresponsable porque vieron que un mont\u00f3n de ni\u00f1os pasaban las fronteras y no hicieron nada\u201d, asegur\u00f3 Portillo.<\/p>\n","protected":false},"excerpt":{"rendered":"<p>Miles de ni\u00f1os centroamericanos han estado cruzando las fronteras de sus respectivos pa\u00edses desde hace varios a\u00f1os, mientras las autoridades hacen que no los ven o que no se dan cuenta de la migraci\u00f3n de los peque\u00f1os hacia Estados Unidos, muchas veces sin acompa\u00f1antes adultos. La crisis que atraviesan esos chavalos y chavalas ahora, provoc\u00f3 [&hellip;]<\/p>\n","protected":false},"author":1,"featured_media":32916,"comment_status":"open","ping_status":"open","sticky":false,"template":"","format":"standard","meta":{"om_disable_all_campaigns":false,"_monsterinsights_skip_tracking":false,"_monsterinsights_sitenote_active":false,"_monsterinsights_sitenote_note":"","_monsterinsights_sitenote_category":0,"footnotes":""},"categories":[3524,13],"tags":[3401],"class_list":["post-32914","post","type-post","status-publish","format-standard","has-post-thumbnail","hentry","category-noticas","category-portada","tag-ninos-migrantes"],"aioseo_notices":[],"_links":{"self":[{"href":"https:\/\/elcronistadigital.com\/index.php?rest_route=\/wp\/v2\/posts\/32914","targetHints":{"allow":["GET"]}}],"collection":[{"href":"https:\/\/elcronistadigital.com\/index.php?rest_route=\/wp\/v2\/posts"}],"about":[{"href":"https:\/\/elcronistadigital.com\/index.php?rest_route=\/wp\/v2\/types\/post"}],"author":[{"embeddable":true,"href":"https:\/\/elcronistadigital.com\/index.php?rest_route=\/wp\/v2\/users\/1"}],"replies":[{"embeddable":true,"href":"https:\/\/elcronistadigital.com\/index.php?rest_route=%2Fwp%2Fv2%2Fcomments&post=32914"}],"version-history":[{"count":1,"href":"https:\/\/elcronistadigital.com\/index.php?rest_route=\/wp\/v2\/posts\/32914\/revisions"}],"predecessor-version":[{"id":32917,"href":"https:\/\/elcronistadigital.com\/index.php?rest_route=\/wp\/v2\/posts\/32914\/revisions\/32917"}],"wp:featuredmedia":[{"embeddable":true,"href":"https:\/\/elcronistadigital.com\/index.php?rest_route=\/wp\/v2\/media\/32916"}],"wp:attachment":[{"href":"https:\/\/elcronistadigital.com\/index.php?rest_route=%2Fwp%2Fv2%2Fmedia&parent=32914"}],"wp:term":[{"taxonomy":"category","embeddable":true,"href":"https:\/\/elcronistadigital.com\/index.php?rest_route=%2Fwp%2Fv2%2Fcategories&post=32914"},{"taxonomy":"post_tag","embeddable":true,"href":"https:\/\/elcronistadigital.com\/index.php?rest_route=%2Fwp%2Fv2%2Ftags&post=32914"}],"curies":[{"name":"wp","href":"https:\/\/api.w.org\/{rel}","templated":true}]}}