{"id":32930,"date":"2014-06-21T07:09:48","date_gmt":"2014-06-21T13:09:48","guid":{"rendered":"http:\/\/elcronistadigital.com\/?p=32930"},"modified":"2014-06-21T07:09:48","modified_gmt":"2014-06-21T13:09:48","slug":"claro-no-cobrara-roaming-en-centroamerica","status":"publish","type":"post","link":"https:\/\/elcronistadigital.com\/?p=32930","title":{"rendered":"Claro no cobrar\u00e1 \u201croaming\u201d en Centroam\u00e9rica"},"content":{"rendered":"<p><a href=\"https:\/\/elcronistadigital.com\/?attachment_id=32931\" rel=\"attachment wp-att-32931\"><img loading=\"lazy\" decoding=\"async\" class=\"alignleft size-full wp-image-32931\" alt=\"roaming1\" src=\"https:\/\/elcronistadigital.com\/wp-content\/uploads\/2014\/06\/roaming1.jpg\" width=\"320\" height=\"240\" srcset=\"https:\/\/elcronistadigital.com\/wp-content\/uploads\/2014\/06\/roaming1.jpg 320w, https:\/\/elcronistadigital.com\/wp-content\/uploads\/2014\/06\/roaming1-300x225.jpg 300w, https:\/\/elcronistadigital.com\/wp-content\/uploads\/2014\/06\/roaming1-60x45.jpg 60w, https:\/\/elcronistadigital.com\/wp-content\/uploads\/2014\/06\/roaming1-150x113.jpg 150w, https:\/\/elcronistadigital.com\/wp-content\/uploads\/2014\/06\/roaming1-269x201.jpg 269w\" sizes=\"auto, (max-width: 320px) 100vw, 320px\" \/><\/a>Gracias a una gesti\u00f3n del Parlamento Centroamericano (Parlacen), la empresa de telecomunicaciones Claro inform\u00f3 en Guatemala que a partir de este mes ofrecer\u00e1 llamadas internacionales a precios locales, cuando se realicen desde y hacia pa\u00edses de Centroam\u00e9rica.<\/p>\n<p>Los pa\u00edses interconectados en ese plan son Guatemala, El Salvador, Costa Rica, Nicaragua y Honduras. En un comunicado emitido el viernes, el Parlacen, se\u00f1ala que esto es parte de la Iniciativa del organismo para eliminar el \u201croaming\u201d de los tel\u00e9fonos m\u00f3viles en el istmo y que las llamadas sean consideradas locales.<\/p>\n<p>La presidenta del Parlamento, la diputada Paula Rodr\u00edguez, dijo que continuar\u00e1n las gestiones con las dem\u00e1s compa\u00f1\u00edas telef\u00f3nicas de la regi\u00f3n, y que esperan que se incluya a Panam\u00e1 y Rep\u00fablica Dominicana.<\/p>\n<p>La plataforma instalada para eliminar el \u201croaming\u201d en las llamadas dentro de la regi\u00f3n se denomina VPN Regional. El sistema permite efectuar llamadas sin que sean cobradas a precio de itinerancia, y no es necesario conectarse a otras compa\u00f1\u00edas, porque hay similares condiciones en el \u00e1rea centroamericana, afirm\u00f3 el comunicado del ente regional.<\/p>\n<p>La propuesta de que las llamadas entre los pa\u00edses miembros del Sistema de Integraci\u00f3n Centroamericana (SICA) se establecieran como nacionales fue hecha por el Parlacen a finales de 2011, para \u201cfortalecer el proceso de integraci\u00f3n de la regi\u00f3n\u201d.<\/p>\n<p>\u201cEsta medida contribuir\u00eda no solo a impactar de forma positiva en el bolsillo de los ciudadanos y ciudadanas de la regi\u00f3n, sino que la comunicaci\u00f3n barata y \u00e1gil facilitar\u00e1 y acelerar\u00e1 el comercio y el intercambio cultural\u201d, concluye el comunicado del Parlacen.<\/p>\n","protected":false},"excerpt":{"rendered":"<p>Gracias a una gesti\u00f3n del Parlamento Centroamericano (Parlacen), la empresa de telecomunicaciones Claro inform\u00f3 en Guatemala que a partir de este mes ofrecer\u00e1 llamadas internacionales a precios locales, cuando se realicen desde y hacia pa\u00edses de Centroam\u00e9rica. Los pa\u00edses interconectados en ese plan son Guatemala, El Salvador, Costa Rica, Nicaragua y Honduras. En un comunicado [&hellip;]<\/p>\n","protected":false},"author":1,"featured_media":32931,"comment_status":"open","ping_status":"open","sticky":false,"template":"","format":"standard","meta":{"om_disable_all_campaigns":false,"_monsterinsights_skip_tracking":false,"_monsterinsights_sitenote_active":false,"_monsterinsights_sitenote_note":"","_monsterinsights_sitenote_category":0,"footnotes":""},"categories":[3524],"tags":[],"class_list":["post-32930","post","type-post","status-publish","format-standard","has-post-thumbnail","hentry","category-noticas"],"aioseo_notices":[],"_links":{"self":[{"href":"https:\/\/elcronistadigital.com\/index.php?rest_route=\/wp\/v2\/posts\/32930","targetHints":{"allow":["GET"]}}],"collection":[{"href":"https:\/\/elcronistadigital.com\/index.php?rest_route=\/wp\/v2\/posts"}],"about":[{"href":"https:\/\/elcronistadigital.com\/index.php?rest_route=\/wp\/v2\/types\/post"}],"author":[{"embeddable":true,"href":"https:\/\/elcronistadigital.com\/index.php?rest_route=\/wp\/v2\/users\/1"}],"replies":[{"embeddable":true,"href":"https:\/\/elcronistadigital.com\/index.php?rest_route=%2Fwp%2Fv2%2Fcomments&post=32930"}],"version-history":[{"count":1,"href":"https:\/\/elcronistadigital.com\/index.php?rest_route=\/wp\/v2\/posts\/32930\/revisions"}],"predecessor-version":[{"id":32932,"href":"https:\/\/elcronistadigital.com\/index.php?rest_route=\/wp\/v2\/posts\/32930\/revisions\/32932"}],"wp:featuredmedia":[{"embeddable":true,"href":"https:\/\/elcronistadigital.com\/index.php?rest_route=\/wp\/v2\/media\/32931"}],"wp:attachment":[{"href":"https:\/\/elcronistadigital.com\/index.php?rest_route=%2Fwp%2Fv2%2Fmedia&parent=32930"}],"wp:term":[{"taxonomy":"category","embeddable":true,"href":"https:\/\/elcronistadigital.com\/index.php?rest_route=%2Fwp%2Fv2%2Fcategories&post=32930"},{"taxonomy":"post_tag","embeddable":true,"href":"https:\/\/elcronistadigital.com\/index.php?rest_route=%2Fwp%2Fv2%2Ftags&post=32930"}],"curies":[{"name":"wp","href":"https:\/\/api.w.org\/{rel}","templated":true}]}}