{"id":32941,"date":"2014-06-21T08:15:36","date_gmt":"2014-06-21T14:15:36","guid":{"rendered":"http:\/\/elcronistadigital.com\/?p=32941"},"modified":"2014-06-21T08:15:36","modified_gmt":"2014-06-21T14:15:36","slug":"celebran-en-china-dia-del-espanol","status":"publish","type":"post","link":"https:\/\/elcronistadigital.com\/?p=32941","title":{"rendered":"Celebran en China D\u00eda del Espa\u00f1ol"},"content":{"rendered":"<p><a href=\"https:\/\/elcronistadigital.com\/?attachment_id=32942\" rel=\"attachment wp-att-32942\"><img loading=\"lazy\" decoding=\"async\" class=\"alignleft size-full wp-image-32942\" alt=\"d\u00eda del espa\u00f1ol\" src=\"https:\/\/elcronistadigital.com\/wp-content\/uploads\/2014\/06\/d\u00eda-del-espa\u00f1ol.jpg\" width=\"225\" height=\"225\" srcset=\"https:\/\/elcronistadigital.com\/wp-content\/uploads\/2014\/06\/d\u00eda-del-espa\u00f1ol.jpg 225w, https:\/\/elcronistadigital.com\/wp-content\/uploads\/2014\/06\/d\u00eda-del-espa\u00f1ol-150x150.jpg 150w, https:\/\/elcronistadigital.com\/wp-content\/uploads\/2014\/06\/d\u00eda-del-espa\u00f1ol-50x50.jpg 50w, https:\/\/elcronistadigital.com\/wp-content\/uploads\/2014\/06\/d\u00eda-del-espa\u00f1ol-70x70.jpg 70w, https:\/\/elcronistadigital.com\/wp-content\/uploads\/2014\/06\/d\u00eda-del-espa\u00f1ol-55x55.jpg 55w\" sizes=\"auto, (max-width: 225px) 100vw, 225px\" \/><\/a>Pek\u00edn.- La comunidad latinoamericana y espa\u00f1ola en China, celebr\u00f3 este s\u00e1bado en Pek\u00edn el D\u00eda del Espa\u00f1ol, con numerosas actividades para promocionar la lengua y la cultura hisp\u00e1nica y cuyo epicentro fue la sede del Instituto Cervantes de la capital china.<\/p>\n<p>La iniciativa, que se celebra simult\u00e1neamente en todas los centros de la organizaci\u00f3n, promocion\u00f3 la segunda lengua del mundo por n\u00famero de hablantes con actividades como karaoke, desfiles de trajes tradicionales, conciertos y hasta torneos de futbol\u00edn.<\/p>\n<p>Tambi\u00e9n se ofrecieron, de forma gratuita y durante toda la jornada de hoy, clases de baile -especialmente flamenco-, cuentacuentos, proyecciones de cine espa\u00f1ol y latinoamericano, visitas guiadas por las exposiciones del centro y \u00abp\u00edldoras de espa\u00f1ol expr\u00e9s\u00bb, una inmersi\u00f3n al idioma de solamente 20 minutos.<\/p>\n<p>La comunidad latinoamericana en la capital china particip\u00f3 activamente en el acto y despleg\u00f3 su mejor gastronom\u00eda en los espacios de representaci\u00f3n de los diferentes pa\u00edses (Colombia, la Rep\u00fablica Dominicana, Ecuador, M\u00e9xico, Per\u00fa y Chile).<\/p>\n<p>Adem\u00e1s, tambi\u00e9n facilitaron informaci\u00f3n cultural y oferta tur\u00edstica para un pa\u00eds cuyos ciudadanos cada vez salen m\u00e1s al exterior y cuyo inter\u00e9s por la lengua y cultura hisp\u00e1nica ha crecido en los \u00faltimos a\u00f1os.<\/p>\n<p>En el programa de actividades no falt\u00f3 tampoco el homenaje a Gabriel Garc\u00eda M\u00e1rquez, una de las m\u00e1ximas figures de la literatura universal, con una exposici\u00f3n de sus obras en espa\u00f1ol y sus respectivas traducciones al mandar\u00edn.<\/p>\n<p>De hecho, los asistentes ten\u00edan la posibilidad de dejar un mensaje en un ejemplar de la obra \u00abCien a\u00f1os de soledad\u00bb que posteriormente ser\u00e1 enviado a la familia del escritor.<\/p>\n","protected":false},"excerpt":{"rendered":"<p>Pek\u00edn.- La comunidad latinoamericana y espa\u00f1ola en China, celebr\u00f3 este s\u00e1bado en Pek\u00edn el D\u00eda del Espa\u00f1ol, con numerosas actividades para promocionar la lengua y la cultura hisp\u00e1nica y cuyo epicentro fue la sede del Instituto Cervantes de la capital china. La iniciativa, que se celebra simult\u00e1neamente en todas los centros de la organizaci\u00f3n, promocion\u00f3 [&hellip;]<\/p>\n","protected":false},"author":1,"featured_media":32942,"comment_status":"open","ping_status":"open","sticky":false,"template":"","format":"standard","meta":{"om_disable_all_campaigns":false,"_monsterinsights_skip_tracking":false,"_monsterinsights_sitenote_active":false,"_monsterinsights_sitenote_note":"","_monsterinsights_sitenote_category":0,"footnotes":""},"categories":[10],"tags":[],"class_list":["post-32941","post","type-post","status-publish","format-standard","has-post-thumbnail","hentry","category-cultura"],"aioseo_notices":[],"_links":{"self":[{"href":"https:\/\/elcronistadigital.com\/index.php?rest_route=\/wp\/v2\/posts\/32941","targetHints":{"allow":["GET"]}}],"collection":[{"href":"https:\/\/elcronistadigital.com\/index.php?rest_route=\/wp\/v2\/posts"}],"about":[{"href":"https:\/\/elcronistadigital.com\/index.php?rest_route=\/wp\/v2\/types\/post"}],"author":[{"embeddable":true,"href":"https:\/\/elcronistadigital.com\/index.php?rest_route=\/wp\/v2\/users\/1"}],"replies":[{"embeddable":true,"href":"https:\/\/elcronistadigital.com\/index.php?rest_route=%2Fwp%2Fv2%2Fcomments&post=32941"}],"version-history":[{"count":1,"href":"https:\/\/elcronistadigital.com\/index.php?rest_route=\/wp\/v2\/posts\/32941\/revisions"}],"predecessor-version":[{"id":32943,"href":"https:\/\/elcronistadigital.com\/index.php?rest_route=\/wp\/v2\/posts\/32941\/revisions\/32943"}],"wp:featuredmedia":[{"embeddable":true,"href":"https:\/\/elcronistadigital.com\/index.php?rest_route=\/wp\/v2\/media\/32942"}],"wp:attachment":[{"href":"https:\/\/elcronistadigital.com\/index.php?rest_route=%2Fwp%2Fv2%2Fmedia&parent=32941"}],"wp:term":[{"taxonomy":"category","embeddable":true,"href":"https:\/\/elcronistadigital.com\/index.php?rest_route=%2Fwp%2Fv2%2Fcategories&post=32941"},{"taxonomy":"post_tag","embeddable":true,"href":"https:\/\/elcronistadigital.com\/index.php?rest_route=%2Fwp%2Fv2%2Ftags&post=32941"}],"curies":[{"name":"wp","href":"https:\/\/api.w.org\/{rel}","templated":true}]}}