{"id":32944,"date":"2014-06-21T09:13:17","date_gmt":"2014-06-21T15:13:17","guid":{"rendered":"http:\/\/elcronistadigital.com\/?p=32944"},"modified":"2014-06-21T09:13:17","modified_gmt":"2014-06-21T15:13:17","slug":"medios-que-utilizaron-wikileaks-dejan-solo-a-assange","status":"publish","type":"post","link":"https:\/\/elcronistadigital.com\/?p=32944","title":{"rendered":"Medios que utilizaron Wikileaks dejan solo a Assange"},"content":{"rendered":"<p><a href=\"https:\/\/elcronistadigital.com\/?attachment_id=32945\" rel=\"attachment wp-att-32945\"><img loading=\"lazy\" decoding=\"async\" class=\"alignleft size-medium wp-image-32945\" alt=\"julian assange ecuador\" src=\"https:\/\/elcronistadigital.com\/wp-content\/uploads\/2014\/06\/julian-assange-ecuador-300x168.jpg\" width=\"300\" height=\"168\" srcset=\"https:\/\/elcronistadigital.com\/wp-content\/uploads\/2014\/06\/julian-assange-ecuador-300x168.jpg 300w, https:\/\/elcronistadigital.com\/wp-content\/uploads\/2014\/06\/julian-assange-ecuador-342x191.jpg 342w, https:\/\/elcronistadigital.com\/wp-content\/uploads\/2014\/06\/julian-assange-ecuador.jpg 660w\" sizes=\"auto, (max-width: 300px) 100vw, 300px\" \/><\/a>Mateus Ramos<br \/>\nAdital<\/p>\n<p>Refugiado desde hace dos a\u00f1os en la embajada ecuatoriana en el Reino Unido, el caso de Julian Assange, principal portavoz del portal Wikileaks, contin\u00faa siendo incierto. Assange pidi\u00f3 asilo pol\u00edtico a Ecuador a fin de escapar de la extradici\u00f3n hacia Suecia, donde es acusado, controvertidamente, por violaci\u00f3n y agresi\u00f3n sexual mientras estaba en el pa\u00eds para una serie de conferencias despu\u00e9s de que el Partido Pirata sueco acept\u00f3 acoger servidores de Wikileaks, ante la persecuci\u00f3n por parte de las autoridades de Estados Unidos.<\/p>\n<p>Aunque su pedido de asilo fue concedido, las autoridades brit\u00e1nicas todav\u00eda se niegan a permitir que el periodista salga del pa\u00eds con destino a Ecuador, confrontando, de manera clara, las normas internacionales de derechos humanos.<\/p>\n<p>En una entrevista concedida a la prensa el jueves 19 de junio, fecha en que se cumplieron los dos a\u00f1os de permanencia de Assange en la embajada ecuatoriana, Rafael Correa, presidente de Ecuador, reiter\u00f3 que la decisi\u00f3n brit\u00e1nica es un atentado contra los derechos humanos. \u00abEst\u00e1n atentando contra los derechos humanos de una persona. \u00c9l (Assange) vive encerrado en peque\u00f1as habitaciones y, tal vez, s\u00f3lo reciba la luz del sol durante media hora por d\u00eda en un balc\u00f3n\u201d.<\/p>\n<p>El ministro de Relaciones Exteriores de Ecuador, Ricardo Pati\u00f1o, relat\u00f3 que la concesi\u00f3n del pedido de asilo pol\u00edtico se dio despu\u00e9s de que se constatara en investigaciones que \u00abhab\u00eda claros indicios de persecuci\u00f3n pol\u00edtica motivada por sus actividades como periodista. Lo que estamos haciendo no es una opci\u00f3n nuestra, sino un deber, pues hay varias leyes internacionales que garantizan el derecho de asilo pol\u00edtico, como la Convenci\u00f3n de Caracas sobre Asilo Diplom\u00e1tico, de 1954, y el Pacto Internacional de Derechos Civiles y Pol\u00edticos, de 1967\u201d.<\/p>\n<p>Para Correa, la justicia brit\u00e1nica est\u00e1 jugando con los derechos de Assange, pues el periodista no fue acusado, es s\u00f3lo sospechoso de practicar delitos sexuales, seg\u00fan las leyes suecas. Su interrogatorio puede realizarse v\u00eda videoconferencia o hasta en forma presencial, dentro de las instalaciones de la embajada ecuatoriana en el Reino Unido; sin embargo, los suecos quieren que Assange sea extraditado y los brit\u00e1nicos est\u00e1n dispuestos a hacerlo. \u00abHay cierta prepotencia imperialista aqu\u00ed, imagine si la situaci\u00f3n fuese al rev\u00e9s y si nosotros no di\u00e9ramos un salvoconducto a un asilado en una misi\u00f3n europea en Quito, todo lo que estar\u00edan diciendo los medios internacionales, todas las denuncias a la Comisi\u00f3n Interamericana de Derechos Humanos (CIDH), a la Corte Internacional, etc.\u201d, destac\u00f3 el presidente.<\/p>\n<p>Assange revel\u00f3, durante la rueda de prensa, que para \u00e9l su extradici\u00f3n hacia Suecia es s\u00f3lo el primer paso para que sea llevado a las autoridades estadounidenses, que lo acusan de haber revelado en 2010 documentos que comprueban el involucramiento del gobierno de Estados Unidos y de sus soldados en casos de violaciones a los derechos humanos en las guerras de Afganist\u00e1n y de Irak.<\/p>\n<p>\u00abMi situaci\u00f3n y la de mi familia es muy dif\u00edcil. No veo a mis hijos desde hace cuatro a\u00f1os y, a causa de persecuciones, ellos y otras personas cercanas a m\u00ed, incluyendo a mi madre, cambiaron de nombre y de direcci\u00f3n\u201d, se desahog\u00f3 durante la entrevista.<\/p>\n<p>Gastos y posible invasi\u00f3n<\/p>\n<p>Durante la entrevista, Assange revel\u00f3 que \u00abhay un plan, y tenemos pruebas de ello, para que el gobierno brit\u00e1nico entre en la Embajada a la fuerza para aprehenderme. Mi presencia aqu\u00ed est\u00e1 costando caro, el Reino Unido gasta, por d\u00eda, 11 mil euros con toda la vigilancia, que es de 24 horas al d\u00eda\u201d.<\/p>\n<p>\u00abEstoy muy agradecido por la ayuda que he recibido de Ecuador, su pueblo debe sentirse orgulloso de su gobierno, que inclusive despu\u00e9s de tanta presi\u00f3n de pa\u00edses poderosos, no cedi\u00f3 en garantizar los derechos humanos y la libertad a la informaci\u00f3n\u201d, dijo.<\/p>\n<p>Al final de la entrevista, el ministro Pati\u00f1o hizo un llamado a los medios de comunicaci\u00f3n, en especial a los peri\u00f3dicos El Pa\u00eds, Le Monde, The Guardian, Der Spiegel y The New York Times, que seg\u00fan \u00e9l utilizaron las publicaciones de Wikileaks, lo que les proporcion\u00f3 retorno financiero. \u00abMe refiero al silencio del cual estamos siendo testigos por parte de la comunidad de periodistas, salvo honrosas excepciones. Los se\u00f1ores periodistas, que reivindican, con raz\u00f3n, la funci\u00f3n social del periodismo. Los se\u00f1ores est\u00e1n presenciando una violaci\u00f3n del derecho de libertad a la informaci\u00f3n, y si eso no es divulgado o alertado, puede acabar afectando a todos ustedes en un futuro cercano. No divulgar lo que ocurre es traicionar a sus colegas, que un d\u00eda sufrieron tal represi\u00f3n y que, en algunos casos, pagaron hasta con sus vidas\u201d, afirm\u00f3.<\/p>\n<p>Con informaci\u00f3n de la Agencia Andes.<\/p>\n","protected":false},"excerpt":{"rendered":"<p>Mateus Ramos Adital Refugiado desde hace dos a\u00f1os en la embajada ecuatoriana en el Reino Unido, el caso de Julian Assange, principal portavoz del portal Wikileaks, contin\u00faa siendo incierto. Assange pidi\u00f3 asilo pol\u00edtico a Ecuador a fin de escapar de la extradici\u00f3n hacia Suecia, donde es acusado, controvertidamente, por violaci\u00f3n y agresi\u00f3n sexual mientras estaba [&hellip;]<\/p>\n","protected":false},"author":1,"featured_media":32945,"comment_status":"open","ping_status":"open","sticky":false,"template":"","format":"standard","meta":{"om_disable_all_campaigns":false,"_monsterinsights_skip_tracking":false,"_monsterinsights_sitenote_active":false,"_monsterinsights_sitenote_note":"","_monsterinsights_sitenote_category":0,"footnotes":""},"categories":[3524],"tags":[],"class_list":["post-32944","post","type-post","status-publish","format-standard","has-post-thumbnail","hentry","category-noticas"],"aioseo_notices":[],"_links":{"self":[{"href":"https:\/\/elcronistadigital.com\/index.php?rest_route=\/wp\/v2\/posts\/32944","targetHints":{"allow":["GET"]}}],"collection":[{"href":"https:\/\/elcronistadigital.com\/index.php?rest_route=\/wp\/v2\/posts"}],"about":[{"href":"https:\/\/elcronistadigital.com\/index.php?rest_route=\/wp\/v2\/types\/post"}],"author":[{"embeddable":true,"href":"https:\/\/elcronistadigital.com\/index.php?rest_route=\/wp\/v2\/users\/1"}],"replies":[{"embeddable":true,"href":"https:\/\/elcronistadigital.com\/index.php?rest_route=%2Fwp%2Fv2%2Fcomments&post=32944"}],"version-history":[{"count":1,"href":"https:\/\/elcronistadigital.com\/index.php?rest_route=\/wp\/v2\/posts\/32944\/revisions"}],"predecessor-version":[{"id":32946,"href":"https:\/\/elcronistadigital.com\/index.php?rest_route=\/wp\/v2\/posts\/32944\/revisions\/32946"}],"wp:featuredmedia":[{"embeddable":true,"href":"https:\/\/elcronistadigital.com\/index.php?rest_route=\/wp\/v2\/media\/32945"}],"wp:attachment":[{"href":"https:\/\/elcronistadigital.com\/index.php?rest_route=%2Fwp%2Fv2%2Fmedia&parent=32944"}],"wp:term":[{"taxonomy":"category","embeddable":true,"href":"https:\/\/elcronistadigital.com\/index.php?rest_route=%2Fwp%2Fv2%2Fcategories&post=32944"},{"taxonomy":"post_tag","embeddable":true,"href":"https:\/\/elcronistadigital.com\/index.php?rest_route=%2Fwp%2Fv2%2Ftags&post=32944"}],"curies":[{"name":"wp","href":"https:\/\/api.w.org\/{rel}","templated":true}]}}