{"id":32947,"date":"2014-06-22T06:43:16","date_gmt":"2014-06-22T12:43:16","guid":{"rendered":"http:\/\/elcronistadigital.com\/?p=32947"},"modified":"2014-06-22T06:43:16","modified_gmt":"2014-06-22T12:43:16","slug":"conferencias-sobre-astronomia-y-observacion-estelar","status":"publish","type":"post","link":"https:\/\/elcronistadigital.com\/?p=32947","title":{"rendered":"Conferencias sobre astronom\u00eda y observaci\u00f3n estelar"},"content":{"rendered":"<p><a href=\"https:\/\/elcronistadigital.com\/?attachment_id=32948\" rel=\"attachment wp-att-32948\"><img loading=\"lazy\" decoding=\"async\" class=\"alignleft size-full wp-image-32948\" alt=\"espacio sideral\" src=\"https:\/\/elcronistadigital.com\/wp-content\/uploads\/2014\/06\/espacio-sideral.jpg\" width=\"261\" height=\"193\" srcset=\"https:\/\/elcronistadigital.com\/wp-content\/uploads\/2014\/06\/espacio-sideral.jpg 261w, https:\/\/elcronistadigital.com\/wp-content\/uploads\/2014\/06\/espacio-sideral-60x45.jpg 60w\" sizes=\"auto, (max-width: 261px) 100vw, 261px\" \/><\/a>El Departamento de F\u00edsica de la Facultad de Ciencias e Ingenier\u00eda de la UNAN-Managua, realizar\u00e1 un ciclo de conferencias sobre astronom\u00eda en el pabell\u00f3n 20, aula 04 que inicia el 24 de junio con Estad\u00edstica y Astronom\u00eda Extragal\u00e1ctica, a cargo del MSc. Marcel Chow, y C\u00famulos estelares, por el Lic. Humberto Garc\u00eda, ambos del Observatorio Astron\u00f3mico.<\/p>\n<p>El 1 de julio se dictar\u00e1n otras dos conferencias: Galaxias anilladas, por el Br. Aitor Robleto, estudiante de F\u00edsica, quien prepara su tesis, y Errores de astronom\u00eda en el cine de ciencia ficci\u00f3n, por el MSc. Marcel Chow.<\/p>\n<p>El 5 de julio, de 6:00 a 8:00 p.m., se har\u00e1 observaci\u00f3n del evento astron\u00f3mico Ocultaci\u00f3n de Marte por la Luna, en el costado sur este del Recinto Universitario Rub\u00e9n Dar\u00edo. La participaci\u00f3n es totalmente libre y gratuita, est\u00e1n invitados.<\/p>\n","protected":false},"excerpt":{"rendered":"<p>El Departamento de F\u00edsica de la Facultad de Ciencias e Ingenier\u00eda de la UNAN-Managua, realizar\u00e1 un ciclo de conferencias sobre astronom\u00eda en el pabell\u00f3n 20, aula 04 que inicia el 24 de junio con Estad\u00edstica y Astronom\u00eda Extragal\u00e1ctica, a cargo del MSc. Marcel Chow, y C\u00famulos estelares, por el Lic. Humberto Garc\u00eda, ambos del Observatorio [&hellip;]<\/p>\n","protected":false},"author":1,"featured_media":32948,"comment_status":"open","ping_status":"open","sticky":false,"template":"","format":"standard","meta":{"om_disable_all_campaigns":false,"_monsterinsights_skip_tracking":false,"_monsterinsights_sitenote_active":false,"_monsterinsights_sitenote_note":"","_monsterinsights_sitenote_category":0,"footnotes":""},"categories":[3,9],"tags":[],"class_list":["post-32947","post","type-post","status-publish","format-standard","has-post-thumbnail","hentry","category-nacionales","category-ciencia-y-tecnologia"],"aioseo_notices":[],"_links":{"self":[{"href":"https:\/\/elcronistadigital.com\/index.php?rest_route=\/wp\/v2\/posts\/32947","targetHints":{"allow":["GET"]}}],"collection":[{"href":"https:\/\/elcronistadigital.com\/index.php?rest_route=\/wp\/v2\/posts"}],"about":[{"href":"https:\/\/elcronistadigital.com\/index.php?rest_route=\/wp\/v2\/types\/post"}],"author":[{"embeddable":true,"href":"https:\/\/elcronistadigital.com\/index.php?rest_route=\/wp\/v2\/users\/1"}],"replies":[{"embeddable":true,"href":"https:\/\/elcronistadigital.com\/index.php?rest_route=%2Fwp%2Fv2%2Fcomments&post=32947"}],"version-history":[{"count":1,"href":"https:\/\/elcronistadigital.com\/index.php?rest_route=\/wp\/v2\/posts\/32947\/revisions"}],"predecessor-version":[{"id":32949,"href":"https:\/\/elcronistadigital.com\/index.php?rest_route=\/wp\/v2\/posts\/32947\/revisions\/32949"}],"wp:featuredmedia":[{"embeddable":true,"href":"https:\/\/elcronistadigital.com\/index.php?rest_route=\/wp\/v2\/media\/32948"}],"wp:attachment":[{"href":"https:\/\/elcronistadigital.com\/index.php?rest_route=%2Fwp%2Fv2%2Fmedia&parent=32947"}],"wp:term":[{"taxonomy":"category","embeddable":true,"href":"https:\/\/elcronistadigital.com\/index.php?rest_route=%2Fwp%2Fv2%2Fcategories&post=32947"},{"taxonomy":"post_tag","embeddable":true,"href":"https:\/\/elcronistadigital.com\/index.php?rest_route=%2Fwp%2Fv2%2Ftags&post=32947"}],"curies":[{"name":"wp","href":"https:\/\/api.w.org\/{rel}","templated":true}]}}