{"id":32958,"date":"2014-06-22T11:52:14","date_gmt":"2014-06-22T17:52:14","guid":{"rendered":"http:\/\/elcronistadigital.com\/?p=32958"},"modified":"2014-06-22T11:52:14","modified_gmt":"2014-06-22T17:52:14","slug":"locura-asociada-a-la-pobreza-en-america-latina","status":"publish","type":"post","link":"https:\/\/elcronistadigital.com\/?p=32958","title":{"rendered":"Locura asociada a la pobreza en Am\u00e9rica Latina"},"content":{"rendered":"<div id=\"attachment_32959\" style=\"width: 460px\" class=\"wp-caption alignleft\"><a href=\"https:\/\/elcronistadigital.com\/?attachment_id=32959\" rel=\"attachment wp-att-32959\"><img loading=\"lazy\" decoding=\"async\" aria-describedby=\"caption-attachment-32959\" class=\"size-full wp-image-32959\" alt=\"Un joven demente en las inmediaciones de la rotonda Jean Paul Genie.\" src=\"https:\/\/elcronistadigital.com\/wp-content\/uploads\/2014\/06\/loco.jpg\" width=\"450\" height=\"337\" srcset=\"https:\/\/elcronistadigital.com\/wp-content\/uploads\/2014\/06\/loco.jpg 450w, https:\/\/elcronistadigital.com\/wp-content\/uploads\/2014\/06\/loco-300x224.jpg 300w, https:\/\/elcronistadigital.com\/wp-content\/uploads\/2014\/06\/loco-342x256.jpg 342w, https:\/\/elcronistadigital.com\/wp-content\/uploads\/2014\/06\/loco-60x45.jpg 60w, https:\/\/elcronistadigital.com\/wp-content\/uploads\/2014\/06\/loco-150x113.jpg 150w, https:\/\/elcronistadigital.com\/wp-content\/uploads\/2014\/06\/loco-269x201.jpg 269w\" sizes=\"auto, (max-width: 450px) 100vw, 450px\" \/><\/a><p id=\"caption-attachment-32959\" class=\"wp-caption-text\">Un joven demente en las inmediaciones de la rotonda Jean Paul Genie.<\/p><\/div>\n<p>* Psiquiatras exigen a gobiernos mayor inversi\u00f3n en salud mental, atenci\u00f3n especializada en hospitales p\u00fablica y fortalecer atenci\u00f3n primara para detecci\u00f3n temprana de trastornos.<\/p>\n<p>Los trastornos mentales se han incrementado en Am\u00e9rica Latina entre los pobres y desempleados, por lo que psiquiatras del subcontinente reunidos en Rep\u00fablica Dominicana, exigieron este domingo a los gobiernos de la regi\u00f3n, una mayor inversi\u00f3n en salud mental, atenci\u00f3n psiqui\u00e1trica en todos los hospitales p\u00fablicos, fortalecer la atenci\u00f3n primaria para la detecci\u00f3n temprana y el tratamiento de los trastornos mentales.<\/p>\n<p>En un documento que recoge las conclusiones del XXVIII Congreso Centroamericano de Psiquiatr\u00eda, los profesionales expresaron que mantienen su responsabilidad de favorecer la superaci\u00f3n de los trastornos generados por la estrechez econ\u00f3mica.<\/p>\n<p>Los especialistas se comprometieron a contribuir con el establecimiento de pol\u00edticas p\u00fablicas que erradiquen los grandes problemas psicosociales que afectan a sus pa\u00edses, como la violencia, el desempleo y la emigraci\u00f3n.<\/p>\n<p>Asimismo, manifestaron su apoyo a programas estatales de prevenci\u00f3n y de educaci\u00f3n que ayuden a reconstruir las familias para evitar los grandes males generados por la descomposici\u00f3n familiar.<\/p>\n<p>Exhortaron a los psiquiatras de Centroam\u00e9rica y del Caribe a mantenerse unidos en el prop\u00f3sito de servir a sus pueblos, para que logren una salud mental digna.<\/p>\n<p>En el congreso fueron presentadas estad\u00edsticas que demuestran que la pobreza es uno de los principales factores de trastornos mentales, agudizada por la violencia. Los m\u00e9dicos abordaron el manejo de trastornos bipolares, atenci\u00f3n a la discapacidad infantil y adicci\u00f3n a las nuevas tecnolog\u00edas de informaci\u00f3n y comunicaci\u00f3n, entre otros temas.<\/p>\n<p>El presidente de la Sociedad Dominicana de Psiquiatr\u00eda, Vicente Vargas, destac\u00f3 la calidad de los conferenciantes y revel\u00f3 que es la primera vez que ese congreso se celebra fuera de Centroam\u00e9rica.<\/p>\n<p>Salud\u00f3 las participaciones del presidente de la Asociaci\u00f3n Mundial de Psiquiatr\u00eda, Pedro Ruiz; del presidente de la Asociaci\u00f3n Psiqui\u00e1trica de Am\u00e9rica Latina, Alfredo C\u00eda, de los presidentes de las sociedades psiqui\u00e1tricas de Centroam\u00e9rica, adem\u00e1s de cient\u00edficos como Roger McLntyre, de Canad\u00e1.<\/p>\n","protected":false},"excerpt":{"rendered":"<p>* Psiquiatras exigen a gobiernos mayor inversi\u00f3n en salud mental, atenci\u00f3n especializada en hospitales p\u00fablica y fortalecer atenci\u00f3n primara para detecci\u00f3n temprana de trastornos. Los trastornos mentales se han incrementado en Am\u00e9rica Latina entre los pobres y desempleados, por lo que psiquiatras del subcontinente reunidos en Rep\u00fablica Dominicana, exigieron este domingo a los gobiernos de [&hellip;]<\/p>\n","protected":false},"author":1,"featured_media":32959,"comment_status":"open","ping_status":"open","sticky":false,"template":"","format":"standard","meta":{"om_disable_all_campaigns":false,"_monsterinsights_skip_tracking":false,"_monsterinsights_sitenote_active":false,"_monsterinsights_sitenote_note":"","_monsterinsights_sitenote_category":0,"footnotes":""},"categories":[7,3524],"tags":[],"class_list":["post-32958","post","type-post","status-publish","format-standard","has-post-thumbnail","hentry","category-salud-y-belleza","category-noticas"],"aioseo_notices":[],"_links":{"self":[{"href":"https:\/\/elcronistadigital.com\/index.php?rest_route=\/wp\/v2\/posts\/32958","targetHints":{"allow":["GET"]}}],"collection":[{"href":"https:\/\/elcronistadigital.com\/index.php?rest_route=\/wp\/v2\/posts"}],"about":[{"href":"https:\/\/elcronistadigital.com\/index.php?rest_route=\/wp\/v2\/types\/post"}],"author":[{"embeddable":true,"href":"https:\/\/elcronistadigital.com\/index.php?rest_route=\/wp\/v2\/users\/1"}],"replies":[{"embeddable":true,"href":"https:\/\/elcronistadigital.com\/index.php?rest_route=%2Fwp%2Fv2%2Fcomments&post=32958"}],"version-history":[{"count":1,"href":"https:\/\/elcronistadigital.com\/index.php?rest_route=\/wp\/v2\/posts\/32958\/revisions"}],"predecessor-version":[{"id":32960,"href":"https:\/\/elcronistadigital.com\/index.php?rest_route=\/wp\/v2\/posts\/32958\/revisions\/32960"}],"wp:featuredmedia":[{"embeddable":true,"href":"https:\/\/elcronistadigital.com\/index.php?rest_route=\/wp\/v2\/media\/32959"}],"wp:attachment":[{"href":"https:\/\/elcronistadigital.com\/index.php?rest_route=%2Fwp%2Fv2%2Fmedia&parent=32958"}],"wp:term":[{"taxonomy":"category","embeddable":true,"href":"https:\/\/elcronistadigital.com\/index.php?rest_route=%2Fwp%2Fv2%2Fcategories&post=32958"},{"taxonomy":"post_tag","embeddable":true,"href":"https:\/\/elcronistadigital.com\/index.php?rest_route=%2Fwp%2Fv2%2Ftags&post=32958"}],"curies":[{"name":"wp","href":"https:\/\/api.w.org\/{rel}","templated":true}]}}