{"id":32967,"date":"2014-06-22T13:07:24","date_gmt":"2014-06-22T19:07:24","guid":{"rendered":"http:\/\/elcronistadigital.com\/?p=32967"},"modified":"2014-06-22T13:07:54","modified_gmt":"2014-06-22T19:07:54","slug":"se-robaron-camioneta-repleta-de-dolares","status":"publish","type":"post","link":"https:\/\/elcronistadigital.com\/?p=32967","title":{"rendered":"Se robaron camioneta repleta de d\u00f3lares"},"content":{"rendered":"<div id=\"attachment_32968\" style=\"width: 510px\" class=\"wp-caption alignleft\"><a href=\"https:\/\/elcronistadigital.com\/?attachment_id=32968\" rel=\"attachment wp-att-32968\"><img loading=\"lazy\" decoding=\"async\" aria-describedby=\"caption-attachment-32968\" class=\"size-full wp-image-32968\" alt=\"Los tres detenidos con parte del dinero que iba caleteado en la camioneta robada. (Foto: El 19).\" src=\"https:\/\/elcronistadigital.com\/wp-content\/uploads\/2014\/06\/tumbadores1.jpg\" width=\"500\" height=\"313\" srcset=\"https:\/\/elcronistadigital.com\/wp-content\/uploads\/2014\/06\/tumbadores1.jpg 500w, https:\/\/elcronistadigital.com\/wp-content\/uploads\/2014\/06\/tumbadores1-300x187.jpg 300w, https:\/\/elcronistadigital.com\/wp-content\/uploads\/2014\/06\/tumbadores1-342x214.jpg 342w\" sizes=\"auto, (max-width: 500px) 100vw, 500px\" \/><\/a><p id=\"caption-attachment-32968\" class=\"wp-caption-text\">Los tres detenidos con parte del dinero que iba caleteado en la camioneta robada. (Foto: El 19).<\/p><\/div>\n<p>* Polic\u00eda atrap\u00f3 en la carretera Sur al due\u00f1o del veh\u00edculo atracado y a los dos asaltantes, cuya acci\u00f3n aparenta ser la de \u201ctumbadores\u201d.<\/p>\n<p>La Polic\u00eda Nacional investiga a tres sujetos, dos de los cuales podr\u00edan pertenecer a una banda de \u201ctumbadores\u201d que robaron una camioneta caleteada el viernes pasado en la carretera Sur, repleta de d\u00f3lares.<\/p>\n<p>Fernando Borge, vocero policial, mostr\u00f3 una gran cantidad de paquetes de d\u00f3lares en billetes de a 20 y a los detenidos Denis Jos\u00e9 Ramos Valverde, de 30 a\u00f1os; Juan Jos\u00e9 Quiroz Garc\u00eda, de 31, y Oscar Mois\u00e9s Santana Aguilar, de 33, quienes tendr\u00e1n que comparecer ante la justicia para explicar su versi\u00f3n del caso.<\/p>\n<p>El vocero dijo a medios oficiales que el viernes anterior Ramos Valverde conduc\u00eda una camioneta roja Nissan Frontier placas M-026-066, cuando en el kil\u00f3metro 21 de la carretera Sur fue interceptado por otro veh\u00edculo Nissan color verde sin placas.<\/p>\n<p>\u201cEn esos momentos dos personas del sexo masculino (Juan Jos\u00e9 Quiroz Garc\u00eda, y Oscar Mois\u00e9s Santana Aguilar) con armas de fuego lo intimidan, lo obligan a bajarse de la camioneta, lo lanzan al predio montoso que est\u00e1 al lado y proceden a hacerse de la camioneta roja\u201d, se\u00f1al\u00f3 Borge citado por el portal El 19.<\/p>\n<p>Los atracadores condujeron la camioneta siempre en direcci\u00f3n Sur, pero en el kil\u00f3metro 24 fueron detenidos por una patrulla policial que realizaba labores de requisa por el 35 aniversario del Repliegue.<\/p>\n<p>Los sujetos no andaban documentos del veh\u00edculo y se mostraron nerviosos, para colmo, se ignora c\u00f3mo el due\u00f1o de la camioneta Nissan logr\u00f3 seguirlos, por lo que se present\u00f3 ante los agentes se\u00f1alando a los asaltantes.<\/p>\n<p>Ante lo raro del suceso, las autoridades decidieron llevar a los tres individuos a la Direcci\u00f3n de Auxilio Judicial.<\/p>\n<p>La camioneta fue inspeccionada y se encontr\u00f3 que estaba caleteada. En su interior hab\u00eda varios paquetes pl\u00e1sticos muy bien embalados \u201cque resultaron ser dinero en moneda d\u00f3lar en denominaciones de 20 que en estos momentos est\u00e1n siendo contados por parte de personal del banco donde ser\u00e1 depositado\u201d, manifest\u00f3 el vocero.<\/p>\n<p>Aunque dif\u00edcilmente se podr\u00eda creer que los dos asaltantes tuvieron la suerte de toparse con un veh\u00edculo cargado de d\u00f3lares, Borge dijo que preliminarmente Ramos Valverde ser\u00e1 puesto a las \u00f3rdenes de las autoridades por lavado de dinero, mientras que Quiroz Garc\u00eda y Santana Aguilar por robo agravado.<\/p>\n","protected":false},"excerpt":{"rendered":"<p>* Polic\u00eda atrap\u00f3 en la carretera Sur al due\u00f1o del veh\u00edculo atracado y a los dos asaltantes, cuya acci\u00f3n aparenta ser la de \u201ctumbadores\u201d. La Polic\u00eda Nacional investiga a tres sujetos, dos de los cuales podr\u00edan pertenecer a una banda de \u201ctumbadores\u201d que robaron una camioneta caleteada el viernes pasado en la carretera Sur, repleta [&hellip;]<\/p>\n","protected":false},"author":1,"featured_media":32968,"comment_status":"open","ping_status":"open","sticky":false,"template":"","format":"standard","meta":{"om_disable_all_campaigns":false,"_monsterinsights_skip_tracking":false,"_monsterinsights_sitenote_active":false,"_monsterinsights_sitenote_note":"","_monsterinsights_sitenote_category":0,"footnotes":""},"categories":[3524,13],"tags":[],"class_list":["post-32967","post","type-post","status-publish","format-standard","has-post-thumbnail","hentry","category-noticas","category-portada"],"aioseo_notices":[],"_links":{"self":[{"href":"https:\/\/elcronistadigital.com\/index.php?rest_route=\/wp\/v2\/posts\/32967","targetHints":{"allow":["GET"]}}],"collection":[{"href":"https:\/\/elcronistadigital.com\/index.php?rest_route=\/wp\/v2\/posts"}],"about":[{"href":"https:\/\/elcronistadigital.com\/index.php?rest_route=\/wp\/v2\/types\/post"}],"author":[{"embeddable":true,"href":"https:\/\/elcronistadigital.com\/index.php?rest_route=\/wp\/v2\/users\/1"}],"replies":[{"embeddable":true,"href":"https:\/\/elcronistadigital.com\/index.php?rest_route=%2Fwp%2Fv2%2Fcomments&post=32967"}],"version-history":[{"count":1,"href":"https:\/\/elcronistadigital.com\/index.php?rest_route=\/wp\/v2\/posts\/32967\/revisions"}],"predecessor-version":[{"id":32969,"href":"https:\/\/elcronistadigital.com\/index.php?rest_route=\/wp\/v2\/posts\/32967\/revisions\/32969"}],"wp:featuredmedia":[{"embeddable":true,"href":"https:\/\/elcronistadigital.com\/index.php?rest_route=\/wp\/v2\/media\/32968"}],"wp:attachment":[{"href":"https:\/\/elcronistadigital.com\/index.php?rest_route=%2Fwp%2Fv2%2Fmedia&parent=32967"}],"wp:term":[{"taxonomy":"category","embeddable":true,"href":"https:\/\/elcronistadigital.com\/index.php?rest_route=%2Fwp%2Fv2%2Fcategories&post=32967"},{"taxonomy":"post_tag","embeddable":true,"href":"https:\/\/elcronistadigital.com\/index.php?rest_route=%2Fwp%2Fv2%2Ftags&post=32967"}],"curies":[{"name":"wp","href":"https:\/\/api.w.org\/{rel}","templated":true}]}}