{"id":32970,"date":"2014-06-23T07:17:19","date_gmt":"2014-06-23T13:17:19","guid":{"rendered":"http:\/\/elcronistadigital.com\/?p=32970"},"modified":"2014-06-23T07:17:19","modified_gmt":"2014-06-23T13:17:19","slug":"800-mil-dolares-iban-en-la-camioneta-robada","status":"publish","type":"post","link":"https:\/\/elcronistadigital.com\/?p=32970","title":{"rendered":"800 mil d\u00f3lares iban en la camioneta robada"},"content":{"rendered":"<div id=\"attachment_32971\" style=\"width: 464px\" class=\"wp-caption alignleft\"><a href=\"https:\/\/elcronistadigital.com\/?attachment_id=32971\" rel=\"attachment wp-att-32971\"><img loading=\"lazy\" decoding=\"async\" aria-describedby=\"caption-attachment-32971\" class=\"size-full wp-image-32971\" alt=\"(Foto de referencia)\" src=\"https:\/\/elcronistadigital.com\/wp-content\/uploads\/2014\/06\/d\u00f3lares-narcos.jpg\" width=\"454\" height=\"369\" srcset=\"https:\/\/elcronistadigital.com\/wp-content\/uploads\/2014\/06\/d\u00f3lares-narcos.jpg 454w, https:\/\/elcronistadigital.com\/wp-content\/uploads\/2014\/06\/d\u00f3lares-narcos-300x243.jpg 300w, https:\/\/elcronistadigital.com\/wp-content\/uploads\/2014\/06\/d\u00f3lares-narcos-342x277.jpg 342w\" sizes=\"auto, (max-width: 454px) 100vw, 454px\" \/><\/a><p id=\"caption-attachment-32971\" class=\"wp-caption-text\">(Foto de referencia)<\/p><\/div>\n<p>Casi 800 mil d\u00f3lares en efectivo estaban ocultos en la camioneta detenida el pasado 20 de junio en la carretera Sur, misma que hab\u00eda sido robada por dos sujetos a otro que se desplazaba en la citada v\u00eda.<\/p>\n<p>El vocero policial, Fernando Borge, dijo que fueron detenidos Juan Jos\u00e9 Quiroz Garc\u00eda y \u00d3scar Jos\u00e9 Santana Aguilar por robar una camioneta a Denis Jos\u00e9 Ramos Valverde, quien tambi\u00e9n fue detenido luego de que las autoridades encontraron 793.988 d\u00f3lares escondidos en el veh\u00edculo.<\/p>\n<p>Quiroz Garc\u00eda y Santana Aguilar fueron retenidos cerca de la medianoche del viernes pasado por agentes de tr\u00e1nsito despu\u00e9s de haber despojado, a mano armada, a Ramos Valverde de su camioneta roja Nissan Frontier placas M-026-066. El conductor habr\u00eda sidio lanzado a un montarascal.<\/p>\n<p>Seg\u00fan el portavoz policial, cuando la Polic\u00eda requer\u00eda los documentos del veh\u00edculo a los dos hombres y estos no los mostraban, apareci\u00f3 Ramos Valverde denunciando que le hab\u00edan robado su camioneta.<\/p>\n<p>\u201cEn el lugar se realizaron unas entrevistas y dadas las inconsistencias y contradicciones\u201d los tres hombres fueron llevados a la Direcci\u00f3n de Auxilio Judicial de la Polic\u00eda, se\u00f1al\u00f3.<\/p>\n<p>En ese lugar la camioneta fue revisada y las autoridades hallaron una caleta oculta con 793.988 d\u00f3lares, precis\u00f3.<\/p>\n<p>Quiroz Garc\u00eda y Santana Aguilar ser\u00e1n acusados por robo agravado y Ramos Valverde por lavado de dinero.<\/p>\n","protected":false},"excerpt":{"rendered":"<p>Casi 800 mil d\u00f3lares en efectivo estaban ocultos en la camioneta detenida el pasado 20 de junio en la carretera Sur, misma que hab\u00eda sido robada por dos sujetos a otro que se desplazaba en la citada v\u00eda. El vocero policial, Fernando Borge, dijo que fueron detenidos Juan Jos\u00e9 Quiroz Garc\u00eda y \u00d3scar Jos\u00e9 Santana [&hellip;]<\/p>\n","protected":false},"author":1,"featured_media":32971,"comment_status":"open","ping_status":"open","sticky":false,"template":"","format":"standard","meta":{"om_disable_all_campaigns":false,"_monsterinsights_skip_tracking":false,"_monsterinsights_sitenote_active":false,"_monsterinsights_sitenote_note":"","_monsterinsights_sitenote_category":0,"footnotes":""},"categories":[3524],"tags":[],"class_list":["post-32970","post","type-post","status-publish","format-standard","has-post-thumbnail","hentry","category-noticas"],"aioseo_notices":[],"_links":{"self":[{"href":"https:\/\/elcronistadigital.com\/index.php?rest_route=\/wp\/v2\/posts\/32970","targetHints":{"allow":["GET"]}}],"collection":[{"href":"https:\/\/elcronistadigital.com\/index.php?rest_route=\/wp\/v2\/posts"}],"about":[{"href":"https:\/\/elcronistadigital.com\/index.php?rest_route=\/wp\/v2\/types\/post"}],"author":[{"embeddable":true,"href":"https:\/\/elcronistadigital.com\/index.php?rest_route=\/wp\/v2\/users\/1"}],"replies":[{"embeddable":true,"href":"https:\/\/elcronistadigital.com\/index.php?rest_route=%2Fwp%2Fv2%2Fcomments&post=32970"}],"version-history":[{"count":1,"href":"https:\/\/elcronistadigital.com\/index.php?rest_route=\/wp\/v2\/posts\/32970\/revisions"}],"predecessor-version":[{"id":32972,"href":"https:\/\/elcronistadigital.com\/index.php?rest_route=\/wp\/v2\/posts\/32970\/revisions\/32972"}],"wp:featuredmedia":[{"embeddable":true,"href":"https:\/\/elcronistadigital.com\/index.php?rest_route=\/wp\/v2\/media\/32971"}],"wp:attachment":[{"href":"https:\/\/elcronistadigital.com\/index.php?rest_route=%2Fwp%2Fv2%2Fmedia&parent=32970"}],"wp:term":[{"taxonomy":"category","embeddable":true,"href":"https:\/\/elcronistadigital.com\/index.php?rest_route=%2Fwp%2Fv2%2Fcategories&post=32970"},{"taxonomy":"post_tag","embeddable":true,"href":"https:\/\/elcronistadigital.com\/index.php?rest_route=%2Fwp%2Fv2%2Ftags&post=32970"}],"curies":[{"name":"wp","href":"https:\/\/api.w.org\/{rel}","templated":true}]}}