{"id":32976,"date":"2014-06-23T07:49:27","date_gmt":"2014-06-23T13:49:27","guid":{"rendered":"http:\/\/elcronistadigital.com\/?p=32976"},"modified":"2014-06-23T07:49:27","modified_gmt":"2014-06-23T13:49:27","slug":"nicaragua-busca-armas-modernas-en-moscu","status":"publish","type":"post","link":"https:\/\/elcronistadigital.com\/?p=32976","title":{"rendered":"Nicaragua busca armas modernas en Mosc\u00fa"},"content":{"rendered":"<p><a href=\"https:\/\/elcronistadigital.com\/?attachment_id=32977\" rel=\"attachment wp-att-32977\"><img loading=\"lazy\" decoding=\"async\" class=\"alignleft size-medium wp-image-32977\" alt=\"barco ruso para Nic\" src=\"https:\/\/elcronistadigital.com\/wp-content\/uploads\/2014\/06\/barco-ruso-para-Nic-300x170.jpg\" width=\"300\" height=\"170\" srcset=\"https:\/\/elcronistadigital.com\/wp-content\/uploads\/2014\/06\/barco-ruso-para-Nic-300x170.jpg 300w, https:\/\/elcronistadigital.com\/wp-content\/uploads\/2014\/06\/barco-ruso-para-Nic-342x193.jpg 342w, https:\/\/elcronistadigital.com\/wp-content\/uploads\/2014\/06\/barco-ruso-para-Nic.jpg 600w\" sizes=\"auto, (max-width: 300px) 100vw, 300px\" \/><\/a>El jefe del Estado Mayor de Rusia, general Valeri Guer\u00e1simov, se reuni\u00f3 este lunes en Mosc\u00fa con su hom\u00f3logo de Nicaragua, mayor general Oscar Obreg\u00f3n, para discutir la cooperaci\u00f3n t\u00e9cnica y militar entre los dos pa\u00edses, seg\u00fan la agencia RIA Novosti.<\/p>\n<p>En abril pasado, el mandatario nicarag\u00fcense, Daniel Ortega, declar\u00f3 que su pa\u00eds lanza una modernizaci\u00f3n del Ej\u00e9rcito con el apoyo de Rusia. Asimismo, la viceministra de Exteriores de Nicaragua, Mar\u00eda Rubiales, declar\u00f3 en una entrevista con la agencia RIA Novosti que Managua busca el apoyo de Mosc\u00fa, \u201csu amigo y aliado de siempre\u201d, en la renovaci\u00f3n de sus Fuerzas Armadas.<\/p>\n<p>\u201cNuestra reuni\u00f3n contribuir\u00e1 a intensificar y fortalecer las relaciones tradicionalmente amistosas entre nuestros departamentos militares. Fomentar la cooperaci\u00f3n con Nicaragua en el \u00e1mbito t\u00e9cnico y militar es una de las prioridades para el Ministerio de Defensa de Rusia\u201d, dijo Guer\u00e1simov este lunes.<\/p>\n<p>A\u00f1adi\u00f3 que Rusia sigue con suma atenci\u00f3n la situaci\u00f3n en Am\u00e9rica Latina y conf\u00eda en que se desarrolle con estabilidad. A la vez, constat\u00f3 que, en opini\u00f3n del Estado Mayor ruso, la situaci\u00f3n pol\u00edtica y militar en la regi\u00f3n contin\u00faa siendo bastante complicada debido a que persisten focos de tensi\u00f3n y la posibilidad de nuevas amenazas en el continente latinoamericano.<\/p>\n<p>El a\u00f1o pasado, Guer\u00e1simov realiz\u00f3 una visita oficial a Nicaragua durante la cual particip\u00f3 en la inauguraci\u00f3n de una planta de destrucci\u00f3n de proyectiles de artiller\u00eda, entre otras actividades.<\/p>\n","protected":false},"excerpt":{"rendered":"<p>El jefe del Estado Mayor de Rusia, general Valeri Guer\u00e1simov, se reuni\u00f3 este lunes en Mosc\u00fa con su hom\u00f3logo de Nicaragua, mayor general Oscar Obreg\u00f3n, para discutir la cooperaci\u00f3n t\u00e9cnica y militar entre los dos pa\u00edses, seg\u00fan la agencia RIA Novosti. En abril pasado, el mandatario nicarag\u00fcense, Daniel Ortega, declar\u00f3 que su pa\u00eds lanza una [&hellip;]<\/p>\n","protected":false},"author":1,"featured_media":32977,"comment_status":"open","ping_status":"open","sticky":false,"template":"","format":"standard","meta":{"om_disable_all_campaigns":false,"_monsterinsights_skip_tracking":false,"_monsterinsights_sitenote_active":false,"_monsterinsights_sitenote_note":"","_monsterinsights_sitenote_category":0,"footnotes":""},"categories":[3524,13],"tags":[],"class_list":["post-32976","post","type-post","status-publish","format-standard","has-post-thumbnail","hentry","category-noticas","category-portada"],"aioseo_notices":[],"_links":{"self":[{"href":"https:\/\/elcronistadigital.com\/index.php?rest_route=\/wp\/v2\/posts\/32976","targetHints":{"allow":["GET"]}}],"collection":[{"href":"https:\/\/elcronistadigital.com\/index.php?rest_route=\/wp\/v2\/posts"}],"about":[{"href":"https:\/\/elcronistadigital.com\/index.php?rest_route=\/wp\/v2\/types\/post"}],"author":[{"embeddable":true,"href":"https:\/\/elcronistadigital.com\/index.php?rest_route=\/wp\/v2\/users\/1"}],"replies":[{"embeddable":true,"href":"https:\/\/elcronistadigital.com\/index.php?rest_route=%2Fwp%2Fv2%2Fcomments&post=32976"}],"version-history":[{"count":1,"href":"https:\/\/elcronistadigital.com\/index.php?rest_route=\/wp\/v2\/posts\/32976\/revisions"}],"predecessor-version":[{"id":32978,"href":"https:\/\/elcronistadigital.com\/index.php?rest_route=\/wp\/v2\/posts\/32976\/revisions\/32978"}],"wp:featuredmedia":[{"embeddable":true,"href":"https:\/\/elcronistadigital.com\/index.php?rest_route=\/wp\/v2\/media\/32977"}],"wp:attachment":[{"href":"https:\/\/elcronistadigital.com\/index.php?rest_route=%2Fwp%2Fv2%2Fmedia&parent=32976"}],"wp:term":[{"taxonomy":"category","embeddable":true,"href":"https:\/\/elcronistadigital.com\/index.php?rest_route=%2Fwp%2Fv2%2Fcategories&post=32976"},{"taxonomy":"post_tag","embeddable":true,"href":"https:\/\/elcronistadigital.com\/index.php?rest_route=%2Fwp%2Fv2%2Ftags&post=32976"}],"curies":[{"name":"wp","href":"https:\/\/api.w.org\/{rel}","templated":true}]}}