{"id":32982,"date":"2014-06-23T09:50:13","date_gmt":"2014-06-23T15:50:13","guid":{"rendered":"http:\/\/elcronistadigital.com\/?p=32982"},"modified":"2014-06-23T09:50:13","modified_gmt":"2014-06-23T15:50:13","slug":"sin-justicia-social-de-nada-sirven-los-derechos-humanos","status":"publish","type":"post","link":"https:\/\/elcronistadigital.com\/?p=32982","title":{"rendered":"\u201cSin justicia social de nada sirven los derechos humanos\u201d"},"content":{"rendered":"<div id=\"attachment_32983\" style=\"width: 307px\" class=\"wp-caption alignleft\"><a href=\"https:\/\/elcronistadigital.com\/?attachment_id=32983\" rel=\"attachment wp-att-32983\"><img loading=\"lazy\" decoding=\"async\" aria-describedby=\"caption-attachment-32983\" class=\"size-medium wp-image-32983\" alt=\"Dr. Oscar Castillo.\" src=\"https:\/\/elcronistadigital.com\/wp-content\/uploads\/2014\/06\/Castillo-Oscar-297x300.jpg\" width=\"297\" height=\"300\" srcset=\"https:\/\/elcronistadigital.com\/wp-content\/uploads\/2014\/06\/Castillo-Oscar-297x300.jpg 297w, https:\/\/elcronistadigital.com\/wp-content\/uploads\/2014\/06\/Castillo-Oscar-50x50.jpg 50w, https:\/\/elcronistadigital.com\/wp-content\/uploads\/2014\/06\/Castillo-Oscar-70x70.jpg 70w, https:\/\/elcronistadigital.com\/wp-content\/uploads\/2014\/06\/Castillo-Oscar-300x302.jpg 300w, https:\/\/elcronistadigital.com\/wp-content\/uploads\/2014\/06\/Castillo-Oscar-55x55.jpg 55w, https:\/\/elcronistadigital.com\/wp-content\/uploads\/2014\/06\/Castillo-Oscar.jpg 306w\" sizes=\"auto, (max-width: 297px) 100vw, 297px\" \/><\/a><p id=\"caption-attachment-32983\" class=\"wp-caption-text\">Dr. Oscar Castillo.<\/p><\/div>\n<p>* Oscar Castillo Guido, decano de la escuela de Ciencias Jur\u00eddicas y Pol\u00edticas y Asesor Legal de la Universidad Polit\u00e9cnica de Nicaragua, particip\u00f3 en conferencia en Argentina sobre Universidad y Derechos Humanos en Centroam\u00e9rica.<\/p>\n<p>Oscar Lorenzo Castillo Guido, quien es decano de la escuela de Ciencias Jur\u00eddicas y Pol\u00edticas y Asesor Legal de la Universidad Polit\u00e9cnica de Nicaragua; disert\u00f3 en Argentina en la conferencia \u201cUniversidad y Derechos Humanos en Centroam\u00e9rica. Reflexiones y desaf\u00edos constitucionales\u201d, organizada por la secretar\u00eda de Extensi\u00f3n de la Facultad de Derecho de la UNCA.<\/p>\n<p>En ese marco, Castillo Guido remarc\u00f3 la importancia de que las universidades y facultades de Derecho den mayor relevancia a la ense\u00f1anza de los derechos humanos, seg\u00fan El Esqui\u00fa.com, de Catamarca.<\/p>\n<p>\u201cEn la medida en que nuestros j\u00f3venes vayan teniendo una formaci\u00f3n integral en estos temas vamos a tener buenos ciudadanos y gente que va a tener la capacidad no solo de conocer un derecho sino defenderlo para no perderlo\u201d, expres\u00f3.<\/p>\n<p>El desaf\u00edo m\u00e1s importante es que los derechos humanos no se desvinculen del concepto de democracia, ni del concepto de institucionalidad pol\u00edtica y jur\u00eddica de un pa\u00eds. \u201cSi no hay justicia social ni distribuci\u00f3n equitativa de los recursos, si no hay una democracia firme y un respeto al Estado de Derecho entonces los derechos humanos de nada van a servir, porque son precisamente instituciones s\u00f3lidas, y solo una distribuci\u00f3n justa de la riqueza puede permitir que los derechos humanos sean efectivos\u201d, asever\u00f3 Castillo Guido.<\/p>\n<p>Analiz\u00f3 adem\u00e1s que en Am\u00e9rica Latina hay un fen\u00f3meno en que \u201ctodos quieren reelegirse, entonces todos acomodan las constituciones a sus menesteres y se despreocupan de los grandes temas sociales. Interesa m\u00e1s asegurarse una reelecci\u00f3n o controlar las instituciones que preocuparse por las verdaderas necesidades, como la pobreza, la justicia, el Estado de Derecho, la institucionalidad, el empleo que son los grandes temas que las sociedades reclamen ahora\u201d.<\/p>\n","protected":false},"excerpt":{"rendered":"<p>* Oscar Castillo Guido, decano de la escuela de Ciencias Jur\u00eddicas y Pol\u00edticas y Asesor Legal de la Universidad Polit\u00e9cnica de Nicaragua, particip\u00f3 en conferencia en Argentina sobre Universidad y Derechos Humanos en Centroam\u00e9rica. Oscar Lorenzo Castillo Guido, quien es decano de la escuela de Ciencias Jur\u00eddicas y Pol\u00edticas y Asesor Legal de la Universidad [&hellip;]<\/p>\n","protected":false},"author":1,"featured_media":32983,"comment_status":"open","ping_status":"open","sticky":false,"template":"","format":"standard","meta":{"om_disable_all_campaigns":false,"_monsterinsights_skip_tracking":false,"_monsterinsights_sitenote_active":false,"_monsterinsights_sitenote_note":"","_monsterinsights_sitenote_category":0,"footnotes":""},"categories":[3524],"tags":[],"class_list":["post-32982","post","type-post","status-publish","format-standard","has-post-thumbnail","hentry","category-noticas"],"aioseo_notices":[],"_links":{"self":[{"href":"https:\/\/elcronistadigital.com\/index.php?rest_route=\/wp\/v2\/posts\/32982","targetHints":{"allow":["GET"]}}],"collection":[{"href":"https:\/\/elcronistadigital.com\/index.php?rest_route=\/wp\/v2\/posts"}],"about":[{"href":"https:\/\/elcronistadigital.com\/index.php?rest_route=\/wp\/v2\/types\/post"}],"author":[{"embeddable":true,"href":"https:\/\/elcronistadigital.com\/index.php?rest_route=\/wp\/v2\/users\/1"}],"replies":[{"embeddable":true,"href":"https:\/\/elcronistadigital.com\/index.php?rest_route=%2Fwp%2Fv2%2Fcomments&post=32982"}],"version-history":[{"count":1,"href":"https:\/\/elcronistadigital.com\/index.php?rest_route=\/wp\/v2\/posts\/32982\/revisions"}],"predecessor-version":[{"id":32984,"href":"https:\/\/elcronistadigital.com\/index.php?rest_route=\/wp\/v2\/posts\/32982\/revisions\/32984"}],"wp:featuredmedia":[{"embeddable":true,"href":"https:\/\/elcronistadigital.com\/index.php?rest_route=\/wp\/v2\/media\/32983"}],"wp:attachment":[{"href":"https:\/\/elcronistadigital.com\/index.php?rest_route=%2Fwp%2Fv2%2Fmedia&parent=32982"}],"wp:term":[{"taxonomy":"category","embeddable":true,"href":"https:\/\/elcronistadigital.com\/index.php?rest_route=%2Fwp%2Fv2%2Fcategories&post=32982"},{"taxonomy":"post_tag","embeddable":true,"href":"https:\/\/elcronistadigital.com\/index.php?rest_route=%2Fwp%2Fv2%2Ftags&post=32982"}],"curies":[{"name":"wp","href":"https:\/\/api.w.org\/{rel}","templated":true}]}}