{"id":32994,"date":"2014-06-23T10:52:16","date_gmt":"2014-06-23T16:52:16","guid":{"rendered":"http:\/\/elcronistadigital.com\/?p=32994"},"modified":"2014-06-23T10:52:16","modified_gmt":"2014-06-23T16:52:16","slug":"balseros-cubanos-buscan-costas-de-honduras","status":"publish","type":"post","link":"https:\/\/elcronistadigital.com\/?p=32994","title":{"rendered":"Balseros cubanos buscan costas de Honduras"},"content":{"rendered":"<p><a href=\"https:\/\/elcronistadigital.com\/?attachment_id=32995\" rel=\"attachment wp-att-32995\"><img loading=\"lazy\" decoding=\"async\" class=\"alignleft size-medium wp-image-32995\" alt=\"balsero\" src=\"https:\/\/elcronistadigital.com\/wp-content\/uploads\/2014\/06\/balsero-300x240.jpg\" width=\"300\" height=\"240\" srcset=\"https:\/\/elcronistadigital.com\/wp-content\/uploads\/2014\/06\/balsero-300x240.jpg 300w, https:\/\/elcronistadigital.com\/wp-content\/uploads\/2014\/06\/balsero-342x274.jpg 342w, https:\/\/elcronistadigital.com\/wp-content\/uploads\/2014\/06\/balsero.jpg 598w\" sizes=\"auto, (max-width: 300px) 100vw, 300px\" \/><\/a>Unos 300 balseros cubanos han arribado este a\u00f1o a Honduras, pa\u00eds donde son registrados aunque anden sin papeles legales y les permiten continuar rumbo a Estados Unidos, se meta final.<\/p>\n<p>Los caribe\u00f1os son comunes ya entre los grupos de centroamericanos que pretenden llegar a suelo estadounidense. Los cubanos aspiran acogerse a la ley de \u00abpies secos, pies mojados\u00bb que les permite residir y trabajar legalmente en la naci\u00f3n del norte, seg\u00fan El Universal.<\/p>\n<p>La ruta cubana es de dos v\u00edas: emigran por mar desde Cuba hacia Honduras o por avi\u00f3n hacia Ecuador, desde donde inician una traves\u00eda terrestre por Colombia y Centroam\u00e9rica para ir cruzando fronteras rumbo a su meta. La Direcci\u00f3n de Migraci\u00f3n y Extranjer\u00eda de Honduras enlista a los cubanos en una base de datos y despu\u00e9s les libera para que contin\u00faen su camino.<\/p>\n<p>Cifras mostraron que en 2013 ingresaron 2 mil 484 cubanos a Honduras sin documentos legales y todos prosiguieron su viaje a Estados Unidos. De enero a junio de 2014, y en v\u00edsperas del inicio de la \u00e9poca de verano en Cuba que facilita el viaje mar\u00edtimo en balsas o en otras embarcaciones rudimentarias, ya se contabilizan 529 cubanos que son parte de una poblaci\u00f3n flotante de nacidos en la isla que circulan por Centroam\u00e9rica. Unos 300 balseros cubanos han llegado este a\u00f1o en seis grupos, seg\u00fan cifras oficiales hondure\u00f1as.<\/p>\n<p>\u00abSabemos que desde 2010, unos 100 mil cubanos han salido a Ecuador. Y no todos se est\u00e1n quedando en Ecuador, sino que buscan la forma de llegar a Estados Unidos, transitando por territorio centroamericano y M\u00e9xico\u00bb, dijo el hondure\u00f1o Am\u00edlcar S\u00e1nchez.<\/p>\n","protected":false},"excerpt":{"rendered":"<p>Unos 300 balseros cubanos han arribado este a\u00f1o a Honduras, pa\u00eds donde son registrados aunque anden sin papeles legales y les permiten continuar rumbo a Estados Unidos, se meta final. Los caribe\u00f1os son comunes ya entre los grupos de centroamericanos que pretenden llegar a suelo estadounidense. Los cubanos aspiran acogerse a la ley de \u00abpies [&hellip;]<\/p>\n","protected":false},"author":1,"featured_media":32995,"comment_status":"open","ping_status":"open","sticky":false,"template":"","format":"standard","meta":{"om_disable_all_campaigns":false,"_monsterinsights_skip_tracking":false,"_monsterinsights_sitenote_active":false,"_monsterinsights_sitenote_note":"","_monsterinsights_sitenote_category":0,"footnotes":""},"categories":[5],"tags":[],"class_list":["post-32994","post","type-post","status-publish","format-standard","has-post-thumbnail","hentry","category-mundo"],"aioseo_notices":[],"_links":{"self":[{"href":"https:\/\/elcronistadigital.com\/index.php?rest_route=\/wp\/v2\/posts\/32994","targetHints":{"allow":["GET"]}}],"collection":[{"href":"https:\/\/elcronistadigital.com\/index.php?rest_route=\/wp\/v2\/posts"}],"about":[{"href":"https:\/\/elcronistadigital.com\/index.php?rest_route=\/wp\/v2\/types\/post"}],"author":[{"embeddable":true,"href":"https:\/\/elcronistadigital.com\/index.php?rest_route=\/wp\/v2\/users\/1"}],"replies":[{"embeddable":true,"href":"https:\/\/elcronistadigital.com\/index.php?rest_route=%2Fwp%2Fv2%2Fcomments&post=32994"}],"version-history":[{"count":1,"href":"https:\/\/elcronistadigital.com\/index.php?rest_route=\/wp\/v2\/posts\/32994\/revisions"}],"predecessor-version":[{"id":32996,"href":"https:\/\/elcronistadigital.com\/index.php?rest_route=\/wp\/v2\/posts\/32994\/revisions\/32996"}],"wp:featuredmedia":[{"embeddable":true,"href":"https:\/\/elcronistadigital.com\/index.php?rest_route=\/wp\/v2\/media\/32995"}],"wp:attachment":[{"href":"https:\/\/elcronistadigital.com\/index.php?rest_route=%2Fwp%2Fv2%2Fmedia&parent=32994"}],"wp:term":[{"taxonomy":"category","embeddable":true,"href":"https:\/\/elcronistadigital.com\/index.php?rest_route=%2Fwp%2Fv2%2Fcategories&post=32994"},{"taxonomy":"post_tag","embeddable":true,"href":"https:\/\/elcronistadigital.com\/index.php?rest_route=%2Fwp%2Fv2%2Ftags&post=32994"}],"curies":[{"name":"wp","href":"https:\/\/api.w.org\/{rel}","templated":true}]}}