{"id":32997,"date":"2014-06-24T07:09:50","date_gmt":"2014-06-24T13:09:50","guid":{"rendered":"http:\/\/elcronistadigital.com\/?p=32997"},"modified":"2014-06-24T07:09:50","modified_gmt":"2014-06-24T13:09:50","slug":"firmas-para-castigar-a-asesinos-de-perros","status":"publish","type":"post","link":"https:\/\/elcronistadigital.com\/?p=32997","title":{"rendered":"Firmas para castigar a asesinos de perros"},"content":{"rendered":"<p><a href=\"https:\/\/elcronistadigital.com\/?attachment_id=32998\" rel=\"attachment wp-att-32998\"><img loading=\"lazy\" decoding=\"async\" class=\"alignleft size-large wp-image-32998\" alt=\"firmas\" src=\"https:\/\/elcronistadigital.com\/wp-content\/uploads\/2014\/06\/firmas-1024x386.jpg\" width=\"500\" height=\"188\" srcset=\"https:\/\/elcronistadigital.com\/wp-content\/uploads\/2014\/06\/firmas-1024x386.jpg 1024w, https:\/\/elcronistadigital.com\/wp-content\/uploads\/2014\/06\/firmas-300x113.jpg 300w, https:\/\/elcronistadigital.com\/wp-content\/uploads\/2014\/06\/firmas-342x129.jpg 342w, https:\/\/elcronistadigital.com\/wp-content\/uploads\/2014\/06\/firmas.jpg 2036w\" sizes=\"auto, (max-width: 500px) 100vw, 500px\" \/><\/a>El jueves 26 y viernes 27 de junio, habr\u00e1 recolecci\u00f3n de firmas en Metrocentro a partir de las 10 de la ma\u00f1ana, a fin de demandar ante la Asamblea Nacional y el Parlamento se haga justicia en el caso de los perros asesinados a flechazos.<\/p>\n<p>La invitaci\u00f3n la realiza el Dr. Enrique Rimbaud a trav\u00e9s de la Fundaci\u00f3n Amarte, y se\u00f1ala que habr\u00e1 mesas recolectoras de firmas que buscan se castigue -de acuerdo a nuestras leyes-, el biocidio perpetrado en contra de inocentes mascotas.<\/p>\n<p>Desde hace varias semanas la Polic\u00eda anunci\u00f3 que investigaban a varias personas, sospechosas de matar furtivamente con sus ballestas a perros que se encontraban en los patios de sus hogares, sin embargo, los indagados son hijos de familias pudientes o influyentes, por lo que el caso se ha estancado.<\/p>\n<p>La Dra. Gioconda Cajina, destacada psiquiatra nicarag\u00fcense, alert\u00f3 recientemente sobre este tipo de comportamiento antisocial, que si no son atendidos por profesionales van a seguir matando.<\/p>\n<p>La Dra. Cajina dijo que los actos irresponsables que estos j\u00f3venes han estado cometiendo son contra la ley, y ellos lo saben, pero se sienten protegidos por las autoridades y esto indica que lo hicieron con el consentimiento de sus padres.<\/p>\n<p>No dej\u00f3 por fuera la posibilidad de que fueran los mimos padres part\u00edcipes directos, ya sea porque aprobaron la compra de estas armas, o porque practican con el hijo este \u201cdeporte\u201d, o lo que es peor, que los padres tambi\u00e9n mataron perros, y que al ser descubiertos pusieran a sus hijos menores al frente, para evadir su responsabilidad.<\/p>\n","protected":false},"excerpt":{"rendered":"<p>El jueves 26 y viernes 27 de junio, habr\u00e1 recolecci\u00f3n de firmas en Metrocentro a partir de las 10 de la ma\u00f1ana, a fin de demandar ante la Asamblea Nacional y el Parlamento se haga justicia en el caso de los perros asesinados a flechazos. La invitaci\u00f3n la realiza el Dr. Enrique Rimbaud a trav\u00e9s [&hellip;]<\/p>\n","protected":false},"author":1,"featured_media":32998,"comment_status":"open","ping_status":"open","sticky":false,"template":"","format":"standard","meta":{"om_disable_all_campaigns":false,"_monsterinsights_skip_tracking":false,"_monsterinsights_sitenote_active":false,"_monsterinsights_sitenote_note":"","_monsterinsights_sitenote_category":0,"footnotes":""},"categories":[3],"tags":[],"class_list":["post-32997","post","type-post","status-publish","format-standard","has-post-thumbnail","hentry","category-nacionales"],"aioseo_notices":[],"_links":{"self":[{"href":"https:\/\/elcronistadigital.com\/index.php?rest_route=\/wp\/v2\/posts\/32997","targetHints":{"allow":["GET"]}}],"collection":[{"href":"https:\/\/elcronistadigital.com\/index.php?rest_route=\/wp\/v2\/posts"}],"about":[{"href":"https:\/\/elcronistadigital.com\/index.php?rest_route=\/wp\/v2\/types\/post"}],"author":[{"embeddable":true,"href":"https:\/\/elcronistadigital.com\/index.php?rest_route=\/wp\/v2\/users\/1"}],"replies":[{"embeddable":true,"href":"https:\/\/elcronistadigital.com\/index.php?rest_route=%2Fwp%2Fv2%2Fcomments&post=32997"}],"version-history":[{"count":1,"href":"https:\/\/elcronistadigital.com\/index.php?rest_route=\/wp\/v2\/posts\/32997\/revisions"}],"predecessor-version":[{"id":32999,"href":"https:\/\/elcronistadigital.com\/index.php?rest_route=\/wp\/v2\/posts\/32997\/revisions\/32999"}],"wp:featuredmedia":[{"embeddable":true,"href":"https:\/\/elcronistadigital.com\/index.php?rest_route=\/wp\/v2\/media\/32998"}],"wp:attachment":[{"href":"https:\/\/elcronistadigital.com\/index.php?rest_route=%2Fwp%2Fv2%2Fmedia&parent=32997"}],"wp:term":[{"taxonomy":"category","embeddable":true,"href":"https:\/\/elcronistadigital.com\/index.php?rest_route=%2Fwp%2Fv2%2Fcategories&post=32997"},{"taxonomy":"post_tag","embeddable":true,"href":"https:\/\/elcronistadigital.com\/index.php?rest_route=%2Fwp%2Fv2%2Ftags&post=32997"}],"curies":[{"name":"wp","href":"https:\/\/api.w.org\/{rel}","templated":true}]}}