{"id":33006,"date":"2014-06-24T07:55:12","date_gmt":"2014-06-24T13:55:12","guid":{"rendered":"http:\/\/elcronistadigital.com\/?p=33006"},"modified":"2014-06-24T07:55:12","modified_gmt":"2014-06-24T13:55:12","slug":"empieza-juicio-contra-asesino-de-misionera-de-eu","status":"publish","type":"post","link":"https:\/\/elcronistadigital.com\/?p=33006","title":{"rendered":"Empieza juicio contra asesino de misionera de EU"},"content":{"rendered":"<div id=\"attachment_33007\" style=\"width: 388px\" class=\"wp-caption alignleft\"><a href=\"https:\/\/elcronistadigital.com\/?attachment_id=33007\" rel=\"attachment wp-att-33007\"><img loading=\"lazy\" decoding=\"async\" aria-describedby=\"caption-attachment-33007\" class=\"size-full wp-image-33007\" alt=\"Karen Colclough, misionera norteamericana asesinada en Nicaragua.\" src=\"https:\/\/elcronistadigital.com\/wp-content\/uploads\/2014\/06\/Karen-Colclough.jpg\" width=\"378\" height=\"495\" srcset=\"https:\/\/elcronistadigital.com\/wp-content\/uploads\/2014\/06\/Karen-Colclough.jpg 378w, https:\/\/elcronistadigital.com\/wp-content\/uploads\/2014\/06\/Karen-Colclough-229x300.jpg 229w, https:\/\/elcronistadigital.com\/wp-content\/uploads\/2014\/06\/Karen-Colclough-342x447.jpg 342w, https:\/\/elcronistadigital.com\/wp-content\/uploads\/2014\/06\/Karen-Colclough-300x392.jpg 300w\" sizes=\"auto, (max-width: 378px) 100vw, 378px\" \/><\/a><p id=\"caption-attachment-33007\" class=\"wp-caption-text\">Karen Colclough, misionera norteamericana asesinada en Nicaragua.<\/p><\/div>\n<p>Empez\u00f3 el juicio contra Fernando Antonio Aburto, a quien todas las pruebas se\u00f1alan como el autor del asesinato de la misionera estadounidense Karen Colclough, ocurrido en la Semana Santa pasada en las playas de Montelimar.<\/p>\n<p>Aburto est\u00e1 siendo encausado en el Juzgado Quinto Especializado en Violencia de Managua. Es el principal sospechoso de asesinar a la misionera, de 37 a\u00f1os y enfrenta una causa por robo agravado, violaci\u00f3n y feminicidio.<\/p>\n<p>Durante el primer d\u00eda del juicio, la Fiscal\u00eda present\u00f3 parte de las pertenencias de Colclough que supuestamente inculpan a Aburto.<\/p>\n<p>Tambi\u00e9n hubo declaraciones de diez personas que fueron citadas como testigos del hecho, ocurrido en Montelimar, el Pac\u00edfico de Nicaragua, a 65 kil\u00f3metros de la capital.<\/p>\n<p>Entre los testigos estuvo un individuo que compr\u00f3 la c\u00e1mara fotogr\u00e1fica que le fue robada a Colclough y otro hombre que encontr\u00f3 el cad\u00e1ver y avis\u00f3 a la Polic\u00eda.<\/p>\n<p>De acuerdo con la versi\u00f3n policial, Colclough, integrante de un equipo de voluntarios de la iglesia de Jackson Hole, de Wyoming (EE.UU.), se despeg\u00f3 del grupo con el que se hospedaba para hacer fotograf\u00edas, y se sali\u00f3 del per\u00edmetro de seguridad del hotel de la playa.<\/p>\n<p>Cuando intent\u00f3 retornar, la marea estaba alta y obstaculiz\u00f3 el paso, Aburto se le habr\u00eda acercado con la supuesta intenci\u00f3n de ayudarla, pero en el camino se desvi\u00f3, le arrebat\u00f3 la c\u00e1mara, la golpe\u00f3 y la asfixi\u00f3 provoc\u00e1ndole la muerte, seg\u00fan un informe de la jefa de Auxilio Judicial de la Polic\u00eda nicarag\u00fcense, Glenda Zavala.<\/p>\n<p>La Polic\u00eda nicarag\u00fcense dio con el principal sospechoso porque este vendi\u00f3 la c\u00e1mara fotogr\u00e1fica a un vecino del lugar y, adem\u00e1s, porque presentaba rasgu\u00f1os en sus brazos.<\/p>\n<p>La misionera estadounidense se extravi\u00f3 el fin de semana del 12 y el 13 de abril, en la comunidad de Montelimar, en el municipio de San Rafael del Sur, departamento de Managua, donde fue hallada muerta el d\u00eda 14 de ese mismo mes.<\/p>\n<p>El juicio continuar\u00e1 el pr\u00f3ximo lunes, seg\u00fan las autoridades.<\/p>\n","protected":false},"excerpt":{"rendered":"<p>Empez\u00f3 el juicio contra Fernando Antonio Aburto, a quien todas las pruebas se\u00f1alan como el autor del asesinato de la misionera estadounidense Karen Colclough, ocurrido en la Semana Santa pasada en las playas de Montelimar. Aburto est\u00e1 siendo encausado en el Juzgado Quinto Especializado en Violencia de Managua. Es el principal sospechoso de asesinar a [&hellip;]<\/p>\n","protected":false},"author":1,"featured_media":33007,"comment_status":"open","ping_status":"open","sticky":false,"template":"","format":"standard","meta":{"om_disable_all_campaigns":false,"_monsterinsights_skip_tracking":false,"_monsterinsights_sitenote_active":false,"_monsterinsights_sitenote_note":"","_monsterinsights_sitenote_category":0,"footnotes":""},"categories":[3524],"tags":[3974],"class_list":["post-33006","post","type-post","status-publish","format-standard","has-post-thumbnail","hentry","category-noticas","tag-karen-colclough"],"aioseo_notices":[],"_links":{"self":[{"href":"https:\/\/elcronistadigital.com\/index.php?rest_route=\/wp\/v2\/posts\/33006","targetHints":{"allow":["GET"]}}],"collection":[{"href":"https:\/\/elcronistadigital.com\/index.php?rest_route=\/wp\/v2\/posts"}],"about":[{"href":"https:\/\/elcronistadigital.com\/index.php?rest_route=\/wp\/v2\/types\/post"}],"author":[{"embeddable":true,"href":"https:\/\/elcronistadigital.com\/index.php?rest_route=\/wp\/v2\/users\/1"}],"replies":[{"embeddable":true,"href":"https:\/\/elcronistadigital.com\/index.php?rest_route=%2Fwp%2Fv2%2Fcomments&post=33006"}],"version-history":[{"count":1,"href":"https:\/\/elcronistadigital.com\/index.php?rest_route=\/wp\/v2\/posts\/33006\/revisions"}],"predecessor-version":[{"id":33008,"href":"https:\/\/elcronistadigital.com\/index.php?rest_route=\/wp\/v2\/posts\/33006\/revisions\/33008"}],"wp:featuredmedia":[{"embeddable":true,"href":"https:\/\/elcronistadigital.com\/index.php?rest_route=\/wp\/v2\/media\/33007"}],"wp:attachment":[{"href":"https:\/\/elcronistadigital.com\/index.php?rest_route=%2Fwp%2Fv2%2Fmedia&parent=33006"}],"wp:term":[{"taxonomy":"category","embeddable":true,"href":"https:\/\/elcronistadigital.com\/index.php?rest_route=%2Fwp%2Fv2%2Fcategories&post=33006"},{"taxonomy":"post_tag","embeddable":true,"href":"https:\/\/elcronistadigital.com\/index.php?rest_route=%2Fwp%2Fv2%2Ftags&post=33006"}],"curies":[{"name":"wp","href":"https:\/\/api.w.org\/{rel}","templated":true}]}}