{"id":33009,"date":"2014-06-24T08:30:39","date_gmt":"2014-06-24T14:30:39","guid":{"rendered":"http:\/\/elcronistadigital.com\/?p=33009"},"modified":"2014-06-24T08:30:39","modified_gmt":"2014-06-24T14:30:39","slug":"todos-contra-el-chikungunya","status":"publish","type":"post","link":"https:\/\/elcronistadigital.com\/?p=33009","title":{"rendered":"Todos contra el \u201cchikungunya\u201d"},"content":{"rendered":"<div id=\"attachment_33010\" style=\"width: 650px\" class=\"wp-caption alignleft\"><a href=\"https:\/\/elcronistadigital.com\/?attachment_id=33010\" rel=\"attachment wp-att-33010\"><img loading=\"lazy\" decoding=\"async\" aria-describedby=\"caption-attachment-33010\" class=\"size-full wp-image-33010\" alt=\"Afectados por el virus &quot;chikungunya&quot; en Rep\u00fablica Dominicana.\" src=\"https:\/\/elcronistadigital.com\/wp-content\/uploads\/2014\/06\/chikungunya-4.jpg\" width=\"640\" height=\"450\" srcset=\"https:\/\/elcronistadigital.com\/wp-content\/uploads\/2014\/06\/chikungunya-4.jpg 640w, https:\/\/elcronistadigital.com\/wp-content\/uploads\/2014\/06\/chikungunya-4-300x210.jpg 300w, https:\/\/elcronistadigital.com\/wp-content\/uploads\/2014\/06\/chikungunya-4-342x240.jpg 342w\" sizes=\"auto, (max-width: 640px) 100vw, 640px\" \/><\/a><p id=\"caption-attachment-33010\" class=\"wp-caption-text\">Afectados por el virus \u00abchikungunya\u00bb en Rep\u00fablica Dominicana.<\/p><\/div>\n<p>El Ministerio de Salud (Minsa) llam\u00f3 a echarlas todas contra el virus del \u201cchikungunya\u201d que se ha hecho presente con fuerza en naciones del Caribe, as\u00ed como en El Salvador, Costa Rica y Panam\u00e1. En otros pa\u00edses se habla tambi\u00e9n de que ya lleg\u00f3 a Nicaragua.<\/p>\n<p>La exhortaci\u00f3n del Minsa se basa principalmente en la lucha para erradicar a los mosquitos Aedes aegypti y Aedes albopictus o \u201ctigre asi\u00e1tico\u201d, ambos presentes en el pa\u00eds y transmisores del dengue y de la fiebre \u201cchikungunya\u201d.<\/p>\n<p>El anuncio de la batalla contra los zancudos lo hicieron los doctores Carlos S\u00e1enz, director de vigilancia de la salud del MINSA, y la doctora Martha Reyes, directora de prevenci\u00f3n de enfermedades.<\/p>\n<p>El doctor Carlos S\u00e1enz se\u00f1al\u00f3 que hasta ahora Nicaragua no tiene ning\u00fan caso de la enfermedad provocada por el virus chikungunya, pero s\u00ed est\u00e1 comprobada su incidencia en naciones como Panam\u00e1, donde se habla de dos casos sospechosos<\/p>\n<p>S\u00e1enz, no obstante, dijo que el virus chikungunya, que apareci\u00f3 en las islas del Caribe el 6 de diciembre del a\u00f1o pasado, y donde hay m\u00e1s de 180 mil casos sospechosos, viene acerc\u00e1ndose a Nicaragua, seg\u00fan se\u00f1ala la web oficial El 19.<\/p>\n<p>En El Salvador hay 1 mil 159 casos sospechosos por fiebre chikungunya, detectada en los municipios de San Salvador y San Vicente, a la vez que en Costa Rica se detectaron algunos casos que llegaron de Rep\u00fablica Dominicana y Hait\u00ed.<\/p>\n<p>\u201cComo nicarag\u00fcenses tenemos que actuar y es por eso que como Minsa hemos organizado nuestros servicios de salud, hemos capacitado a todo el personal de salud en el manejo de los casos de chikungunya a nivel de todo el pa\u00eds en los hospitales, en los centros y puestos de salud\u201d, destac\u00f3 el galeno.<\/p>\n<p>Agreg\u00f3 que hay \u201cque actuar como pueblo y como gobierno para llevar a cabo el plan de exterminio total de los zancudos y derrotar a este virus chikungunya, eliminando todos los criaderos, larvas y suciedades que hay en las casas, por lo que estamos movilizando a todas las brigadas que sean necesarias, intensificando la fumigaci\u00f3n para matar el mosquito adulto, la abatizaci\u00f3n y la destrucci\u00f3n de criaderos\u201d.<\/p>\n<p>En tanto, la Dra. Marta Reyes manifest\u00f3 que el Minsa considera clave la participaci\u00f3n de la comunidad en todas estas acciones de prevenci\u00f3n, que sean muy tomadas en cuenta, sobre todo cuando hay un incremento de las lluvias, lo que constituye un factor de riesgo para la poblaci\u00f3n por los criaderos potenciales existentes.<\/p>\n<p>Reyes llam\u00f3 a revisar las casas y los patios para eliminar criaderos potenciales de zancudos, lavando y cepillando con cloro y detergente las pilas y los barriles al menos dos veces por semana, limpiar los techos, canales, alba\u00f1ales y desag\u00fces al menos una vez por semana, lavar los recipientes donde beban agua los animales dom\u00e9sticos, eliminar llantas, latas, tarros, botellas, panas zapatos viejos y todo lo que se convierta en un criadero potencial de virus chikungunya.<\/p>\n<p>A la vez agreg\u00f3 que es importante eliminar basuras, cascaras de huevo, estopa de coco, tapas de botella, cajillas de botellas y otros materiales que manejamos en los patios y que son factor de riesgo importante.<\/p>\n<p>Destac\u00f3 que la poblaci\u00f3n de mayor riesgo son los ni\u00f1os menores de un a\u00f1o y los adultos mayores, adem\u00e1s dijo que se est\u00e1 fortaleciendo la vigilancia en las fronteras, aeropuertos y puertos, donde la persona que entra llena una boleta dando informaci\u00f3n sobre la sintomatolog\u00eda de muchas enfermedades, especialmente sobre la de la fiebre chikungunya.<\/p>\n<p>La Organizaci\u00f3n Mundial de la Salud (OMS), se\u00f1ala que el virus del chikungunya adem\u00e1s de fiebre y fuertes dolores articulares, produce otros s\u00edntomas, tales como dolores musculares, dolores de cabeza, n\u00e1useas, cansancio y erupciones cut\u00e1neas.<\/p>\n<p>Por su parte, la Organizaci\u00f3n Panamericana de la Salud (OPS), precisa que aunque rara vez provoca la muerte, el dolor en las articulaciones puede durar meses o a\u00f1os y en ocasiones convertirse en un dolor cr\u00f3nico y causa de discapacidad para algunas personas.<\/p>\n<p>No existe un tratamiento espec\u00edfico ni una vacuna disponible para prevenir la infecci\u00f3n de este virus.<\/p>\n","protected":false},"excerpt":{"rendered":"<p>El Ministerio de Salud (Minsa) llam\u00f3 a echarlas todas contra el virus del \u201cchikungunya\u201d que se ha hecho presente con fuerza en naciones del Caribe, as\u00ed como en El Salvador, Costa Rica y Panam\u00e1. En otros pa\u00edses se habla tambi\u00e9n de que ya lleg\u00f3 a Nicaragua. La exhortaci\u00f3n del Minsa se basa principalmente en la [&hellip;]<\/p>\n","protected":false},"author":1,"featured_media":33010,"comment_status":"open","ping_status":"open","sticky":false,"template":"","format":"standard","meta":{"om_disable_all_campaigns":false,"_monsterinsights_skip_tracking":false,"_monsterinsights_sitenote_active":false,"_monsterinsights_sitenote_note":"","_monsterinsights_sitenote_category":0,"footnotes":""},"categories":[3,7],"tags":[],"class_list":["post-33009","post","type-post","status-publish","format-standard","has-post-thumbnail","hentry","category-nacionales","category-salud-y-belleza"],"aioseo_notices":[],"_links":{"self":[{"href":"https:\/\/elcronistadigital.com\/index.php?rest_route=\/wp\/v2\/posts\/33009","targetHints":{"allow":["GET"]}}],"collection":[{"href":"https:\/\/elcronistadigital.com\/index.php?rest_route=\/wp\/v2\/posts"}],"about":[{"href":"https:\/\/elcronistadigital.com\/index.php?rest_route=\/wp\/v2\/types\/post"}],"author":[{"embeddable":true,"href":"https:\/\/elcronistadigital.com\/index.php?rest_route=\/wp\/v2\/users\/1"}],"replies":[{"embeddable":true,"href":"https:\/\/elcronistadigital.com\/index.php?rest_route=%2Fwp%2Fv2%2Fcomments&post=33009"}],"version-history":[{"count":1,"href":"https:\/\/elcronistadigital.com\/index.php?rest_route=\/wp\/v2\/posts\/33009\/revisions"}],"predecessor-version":[{"id":33011,"href":"https:\/\/elcronistadigital.com\/index.php?rest_route=\/wp\/v2\/posts\/33009\/revisions\/33011"}],"wp:featuredmedia":[{"embeddable":true,"href":"https:\/\/elcronistadigital.com\/index.php?rest_route=\/wp\/v2\/media\/33010"}],"wp:attachment":[{"href":"https:\/\/elcronistadigital.com\/index.php?rest_route=%2Fwp%2Fv2%2Fmedia&parent=33009"}],"wp:term":[{"taxonomy":"category","embeddable":true,"href":"https:\/\/elcronistadigital.com\/index.php?rest_route=%2Fwp%2Fv2%2Fcategories&post=33009"},{"taxonomy":"post_tag","embeddable":true,"href":"https:\/\/elcronistadigital.com\/index.php?rest_route=%2Fwp%2Fv2%2Ftags&post=33009"}],"curies":[{"name":"wp","href":"https:\/\/api.w.org\/{rel}","templated":true}]}}